
{"id":87714,"date":"2025-05-24T02:12:33","date_gmt":"2025-05-24T02:12:33","guid":{"rendered":"https:\/\/www.sellerlogic.com\/blog\/est-ce-que-tout-est-juste-vole-eo-eo-les-politiques-damazon-pour-proteger-la-propriete-intellectuelle\/"},"modified":"2025-12-10T09:21:09","modified_gmt":"2025-12-10T09:21:09","slug":"est-ce-que-tout-est-juste-vole-eo-eo-les-politiques-damazon-pour-proteger-la-propriete-intellectuelle","status":"publish","type":"post","link":"https:\/\/www.sellerlogic.com\/fr\/blog\/est-ce-que-tout-est-juste-vole-eo-eo-les-politiques-damazon-pour-proteger-la-propriete-intellectuelle\/","title":{"rendered":"&#8220;Est-ce que tout est juste vol\u00e9, eo, eo&#8221; ? Les politiques d&#8217;Amazon pour prot\u00e9ger la propri\u00e9t\u00e9 intellectuelle"},"content":{"rendered":"\n<p class=\"theme-wp-block gb-responsive-704574-identifier\">Comme <em>Die Prinzen<\/em> l&#8217;a chant\u00e9 un jour : &#8220;Tout est juste vol\u00e9 et pris, juste tir\u00e9 et vol\u00e9. \/ Excusez-moi, j&#8217;ai pris la libert\u00e9.&#8221; Ce qui pourrait \u00e0 peine passer pour une r\u00e9f\u00e9rence intertextuelle dans l&#8217;art et la culture peut avoir des cons\u00e9quences consid\u00e9rables pour les entrepreneurs et les d\u00e9taillants : les contrefa\u00e7ons, les faux, l&#8217;utilisation non autoris\u00e9e de marques, et des choses comme \u00e7a ne sont pas une infraction triviale. Dans votre propre boutique en ligne, des lettres de mise en demeure finissent dans la bo\u00eete aux lettres. Mais Amazon a \u00e9galement des politiques pour pr\u00e9venir l&#8217;utilisation abusive de la propri\u00e9t\u00e9 intellectuelle.<\/p>\n\n\n\n<p class=\"theme-wp-block gb-responsive-484515-identifier\">Dans le pire des cas, les commer\u00e7ants font face \u00e0 une suspension compl\u00e8te ou \u00e0 la d\u00e9sactivation de leur compte vendeur ou \u00e0 la r\u00e9vocation de leurs droits de vente, ainsi qu&#8217;\u00e0 toutes les cons\u00e9quences \u00e9conomiques que cela peut entra\u00eener. La performance globale du vendeur devient sans importance, peu importe \u00e0 quel point elle peut \u00eatre bonne et quel que soit le faible taux d&#8217;annulation ou le nombre de livraisons en retard. Par cons\u00e9quent, les commer\u00e7ants doivent s&#8217;assurer m\u00e9ticuleusement qu&#8217;ils ne portent pas atteinte aux droits de propri\u00e9t\u00e9 intellectuelle. L&#8217;Allemagne et l&#8217;Union europ\u00e9enne, en particulier, ont des droits de protection relativement stricts auxquels chaque commer\u00e7ant doit se conformer pour \u00e9viter des cons\u00e9quences juridiques consid\u00e9rables.<\/p>\n\n\n\n<p class=\"theme-wp-block gb-responsive-684084-identifier\">Cet article, cependant, ne traite pas des cadres juridiques nationaux ou internationaux, mais sp\u00e9cifiquement des <a href=\"https:\/\/www.sellerlogic.com\/fr\/blog\/recover-your-funds-politique-de-remboursement-des-stocks-fba-damazon-expliquee\/\">politiques d&#8217;Amazon<\/a> concernant la propri\u00e9t\u00e9 intellectuelle, les droits de marque et la piraterie de produits.<\/p>\n\n\n\n<blockquote class=\"theme-wp-block wp-block-quote gb-responsive-225107-identifier desktop-icon-size-2 xl-icon-size-2 lg-icon-size-2 md-icon-size-2 sm-icon-size-2 desktop-bg-style-square xl-bg-style-square lg-bg-style-square md-bg-style-square sm-bg-style-square desktop-gb-has-icon xl-gb-has-icon lg-gb-has-icon md-gb-has-icon sm-gb-has-icon is-layout-flow wp-block-quote-is-layout-flow\">\n<p class=\"theme-wp-block gb-responsive-854858-identifier\">Une consultation juridique ne peut \u00eatre fournie que par un <strong>avocat qualifi\u00e9<\/strong> ! En cas de doute, assurez-vous d&#8217;en contacter un.<\/p>\n<\/blockquote>\n\n\n\n<h2 class=\"theme-wp-block wp-block-heading gb-responsive-248329-identifier\" id=\"tab-con-6\">Pourquoi est-il important pour Amazon de prot\u00e9ger la propri\u00e9t\u00e9 intellectuelle ?<\/h2>\n\n\n\n<figure class=\"theme-wp-block wp-block-image size-large gb-responsive-340576-identifier\"><img decoding=\"async\" width=\"844\" height=\"357\" src=\"https:\/\/d2bw95mh2ee04s.cloudfront.net\/prod\/content\/wp-content\/uploads\/2020\/11\/23142917\/amazon-richtlinien-geistigen-eigentums-urheberrecht.jpeg\" alt=\"Was behandelt Amazon in den Richtlinien geistigen Eigentums noch au\u00dfer das Urheberrecht?\" class=\"wp-image-1697\" srcset=\"https:\/\/d2bw95mh2ee04s.cloudfront.net\/prod\/content\/wp-content\/uploads\/2020\/11\/23142917\/amazon-richtlinien-geistigen-eigentums-urheberrecht-407x172.jpeg 407w, https:\/\/d2bw95mh2ee04s.cloudfront.net\/prod\/content\/wp-content\/uploads\/2020\/11\/23142917\/amazon-richtlinien-geistigen-eigentums-urheberrecht-768x325.jpeg 768w, https:\/\/d2bw95mh2ee04s.cloudfront.net\/prod\/content\/wp-content\/uploads\/2020\/11\/23142917\/amazon-richtlinien-geistigen-eigentums-urheberrecht.jpeg 844w\" sizes=\"(max-width: 844px) 100vw, 844px\" \/><\/figure>\n\n\n\n<p class=\"theme-wp-block gb-responsive-98604-identifier\">Amazon lui-m\u00eame op\u00e8re dans deux r\u00f4les : d&#8217;abord en tant que vendeur de biens (les siens), et ensuite en tant que plateforme qui permet \u00e0 des tiers d&#8217;\u00e9changer des produits. En tant que vendeur, Amazon doit, bien s\u00fbr, se conformer aux lois nationales sur le droit d&#8217;auteur. Mais cela ne pourrait-il pas \u00eatre indiff\u00e9rent au g\u00e9ant en ligne si un vendeur commet une violation du droit d&#8217;auteur ?<\/p>\n\n\n\n<p class=\"theme-wp-block gb-responsive-386285-identifier\">En fait, il n&#8217;est pas clair dans quelle mesure le respect des <a href=\"https:\/\/sellercentral.amazon.de\/gp\/help\/external\/201361070?language=de_DE\" target=\"_blank\" rel=\"noreferrer noopener nofollow\">politiques d&#8217;Amazon sur la propri\u00e9t\u00e9 intellectuelle<\/a> est surveill\u00e9 et appliqu\u00e9 de sa propre initiative. Les commer\u00e7ants europ\u00e9ens, en particulier, ont souvent l&#8217;impression que des mesures ne sont pas prises suffisamment souvent contre les contrefa\u00e7ons de produits de marque ou d&#8217;autres abus de droit d&#8217;auteur, notamment en ce qui concerne des offres douteuses en provenance de la r\u00e9gion asiatique.<\/p>\n\n\n\n<p class=\"theme-wp-block gb-responsive-447430-identifier\">Le fait est qu&#8217;Amazon lui-m\u00eame a un int\u00e9r\u00eat l\u00e9gitime \u00e0 garantir que le droit d&#8217;auteur est respect\u00e9 sur ses places de march\u00e9 et que l&#8217;authenticit\u00e9 des articles est garantie. L&#8217;objectif de l&#8217;entreprise est toujours de fournir le parcours client parfait \u2013 si un client re\u00e7oit un article contrefait au lieu du produit original, cela entra\u00eene frustration et d\u00e9ception, ce qui \u00e0 son tour encourage les retours et les remboursements. De plus, un tel client peut choisir de commander chez la concurrence la prochaine fois, entra\u00eenant une perte de revenus pour le g\u00e9ant du commerce \u00e9lectronique, du moins en termes de frais de vente. Peu importe qu&#8217;il s&#8217;agisse de biens de marque ou de marques de distributeur.<\/p>\n\n\n\n<p class=\"theme-wp-block gb-responsive-631120-identifier\">Un autre effet est que les v\u00e9ritables titulaires de droits s&#8217;efforcent \u00e9galement de pr\u00e9venir les violations de leurs droits de marque. Non seulement les propri\u00e9taires de marques peuvent signaler directement les violations de leurs droits d&#8217;auteur, mais ils contacteront \u00e9galement Amazon pour faire appliquer les politiques de protection de la propri\u00e9t\u00e9 intellectuelle et pour supprimer les annonces abusives telles que les biens contrefaits.<\/p>\n\n\n\n<h2 class=\"theme-wp-block wp-block-heading gb-responsive-399263-identifier\" id=\"tab-con-7\">Qu&#8217;est-ce que la propri\u00e9t\u00e9 intellectuelle chez Amazon ?<\/h2>\n\n\n\n<p class=\"theme-wp-block gb-responsive-528381-identifier\">Fondamentalement, le g\u00e9ant en ligne lui-m\u00eame et tous les commer\u00e7ants sont soumis aux lois applicables du pays ou de la zone \u00e9conomique respective dans laquelle les biens sont propos\u00e9s \u00e0 la vente. Un vendeur op\u00e9rant sur le march\u00e9 allemand doit donc conna\u00eetre et se conformer \u00e0 la l\u00e9gislation allemande. Pour les membres de l&#8217;Union europ\u00e9enne ou de l&#8217;Espace \u00e9conomique europ\u00e9en (EEE), qui comprend \u00e9galement l&#8217;Islande, la Norv\u00e8ge et le Liechtenstein, les lois europ\u00e9ennes jouent \u00e9galement un r\u00f4le.<\/p>\n\n\n\n<p class=\"theme-wp-block gb-responsive-907058-identifier\">Cela se refl\u00e8te \u00e9galement dans les politiques d&#8217;Amazon pour prot\u00e9ger la propri\u00e9t\u00e9 intellectuelle. La l\u00e9gislation sur le droit d&#8217;auteur applicable et les dispositions l\u00e9gales connexes, telles que le droit des brevets, sont toujours d\u00e9terminantes. Amazon organise ses politiques en diff\u00e9rentes sections :<\/p>\n\n\n<div class=\"theme-block-list\">\n<ul class=\"theme-wp-block wp-block-list desktop-bg-style-square xl-bg-style-square lg-bg-style-square md-bg-style-square sm-bg-style-square desktop-gb-has-no-icon xl-gb-has-no-icon lg-gb-has-no-icon md-gb-has-no-icon sm-gb-has-no-icon gb-responsive-809499-identifier\">\n<li class=\"theme-wp-block gb-responsive-853094-identifier desktop-bg-style-square xl-bg-style-square lg-bg-style-square md-bg-style-square sm-bg-style-square desktop-gb-has-no-icon xl-gb-has-no-icon lg-gb-has-no-icon md-gb-has-no-icon sm-gb-has-no-icon\">Droit d&#8217;auteur,<\/li>\n\n\n\n<li class=\"theme-wp-block gb-responsive-375698-identifier desktop-bg-style-square xl-bg-style-square lg-bg-style-square md-bg-style-square sm-bg-style-square desktop-gb-has-no-icon xl-gb-has-no-icon lg-gb-has-no-icon md-gb-has-no-icon sm-gb-has-no-icon\">Marque,<\/li>\n\n\n\n<li class=\"theme-wp-block gb-responsive-101426-identifier desktop-bg-style-square xl-bg-style-square lg-bg-style-square md-bg-style-square sm-bg-style-square desktop-gb-has-no-icon xl-gb-has-no-icon lg-gb-has-no-icon md-gb-has-no-icon sm-gb-has-no-icon\">Brevets,<\/li>\n\n\n\n<li class=\"theme-wp-block gb-responsive-33611-identifier desktop-bg-style-square xl-bg-style-square lg-bg-style-square md-bg-style-square sm-bg-style-square desktop-gb-has-no-icon xl-gb-has-no-icon lg-gb-has-no-icon md-gb-has-no-icon sm-gb-has-no-icon\">Mod\u00e8le d&#8217;utilit\u00e9,<\/li>\n\n\n\n<li class=\"theme-wp-block gb-responsive-185533-identifier desktop-bg-style-square xl-bg-style-square lg-bg-style-square md-bg-style-square sm-bg-style-square desktop-gb-has-no-icon xl-gb-has-no-icon lg-gb-has-no-icon md-gb-has-no-icon sm-gb-has-no-icon\">Importation parall\u00e8le et<\/li>\n\n\n\n<li class=\"theme-wp-block gb-responsive-600226-identifier desktop-bg-style-square xl-bg-style-square lg-bg-style-square md-bg-style-square sm-bg-style-square desktop-gb-has-no-icon xl-gb-has-no-icon lg-gb-has-no-icon md-gb-has-no-icon sm-gb-has-no-icon\">Design<\/li>\n<\/ul>\n<\/div>\n\n\n<p class=\"theme-wp-block gb-responsive-777705-identifier\">Dans ce qui suit, nous examinerons en d\u00e9tail les domaines et clarifierons quel impact les politiques d&#8217;Amazon concernant la propri\u00e9t\u00e9 intellectuelle ont pour vous en tant que vendeur et ce que vous pouvez faire si vous \u00eates accus\u00e9 de violer ces politiques.<\/p>\n\n\n\n<h3 class=\"theme-wp-block wp-block-heading gb-responsive-209194-identifier\" id=\"tab-con-8\">Droit d&#8217;auteur chez Amazon<\/h3>\n\n\n<div class=\"wp-block-image is-style-default gb-responsive-744012-identifier\">\n<figure class=\"theme-wp-block alignright size-full is-resized\"><img decoding=\"async\" width=\"500\" height=\"333\" src=\"https:\/\/d2bw95mh2ee04s.cloudfront.net\/prod\/content\/wp-content\/uploads\/2020\/11\/23142916\/amazon-geistiges-eigentum-verkaufen.jpg\" alt=\"Was hei\u00dft bei Amazon \u201egeistiges Eigentum\u201c? Verkaufen kann man dieses jedenfalls nicht.\" class=\"wp-image-1719\" style=\"width:500px;height:333px\" srcset=\"https:\/\/d2bw95mh2ee04s.cloudfront.net\/prod\/content\/wp-content\/uploads\/2020\/11\/23142916\/amazon-geistiges-eigentum-verkaufen-407x271.jpg 407w, https:\/\/d2bw95mh2ee04s.cloudfront.net\/prod\/content\/wp-content\/uploads\/2020\/11\/23142916\/amazon-geistiges-eigentum-verkaufen.jpg 500w\" sizes=\"(max-width: 500px) 100vw, 500px\" \/><\/figure><\/div>\n\n\n<p class=\"theme-wp-block gb-responsive-584341-identifier\">Une caract\u00e9ristique du droit d&#8217;auteur est qu&#8217;il ne n\u00e9cessite aucune inscription formelle ou action similaire de la part du titulaire des droits \u2013 contrairement, par exemple, au droit des brevets. En g\u00e9n\u00e9ral, le cr\u00e9ateur d&#8217;une \u0153uvre, comme une image ou un roman, d\u00e9tient le droit d&#8217;auteur sur celle-ci ; il poss\u00e8de alors les droits exclusifs de l&#8217;exploiter.<\/p>\n\n\n\n<p class=\"theme-wp-block gb-responsive-243349-identifier\">Le droit d&#8217;auteur s&#8217;applique aux \u0153uvres de litt\u00e9rature, de science et d&#8217;art (\u00a7 2 UrhG), mais dans certains pays de l&#8217;UE, il couvre \u00e9galement les designs et motifs industriels (y compris l&#8217;Allemagne). En cons\u00e9quence, il est interdit de vendre des copies non autoris\u00e9es, d&#8217;utiliser des \u0153uvres originales prot\u00e9g\u00e9es sans autorisation, ou d&#8217;importer de tels biens dans l&#8217;EEE.<\/p>\n\n\n\n<p class=\"theme-wp-block gb-responsive-894893-identifier\">Par cons\u00e9quent, la <a target=\"_blank\" rel=\"nofollow noopener\" href=\"https:\/\/sellercentral.amazon.de\/gp\/help\/external\/201361070?language=de_DE\">politique d&#8217;Amazon pour prot\u00e9ger la propri\u00e9t\u00e9 intellectuelle<\/a> est \u00e9galement pertinente pour les <strong>images de produits<\/strong>, qui peuvent \u00e9galement \u00eatre prot\u00e9g\u00e9es par le droit d&#8217;auteur. M\u00eame si les vendeurs sont autoris\u00e9s \u00e0 vendre un produit de marque, cela ne signifie pas qu&#8217;ils peuvent simplement utiliser les photos de produits d&#8217;autres vendeurs sur la page de d\u00e9tails du produit. Cependant, les images prises par le vendeur lui-m\u00eame peuvent \u00eatre utilis\u00e9es, car il d\u00e9tient les droits n\u00e9cessaires en tant que cr\u00e9ateur.<\/p>\n\n\n\n<h4 class=\"theme-wp-block wp-block-heading gb-responsive-773022-identifier\" id=\"tab-con-9\">Comment savoir si je suis autoris\u00e9 \u00e0 vendre un produit en vertu du droit d&#8217;auteur ?<\/h4>\n\n\n\n<p class=\"theme-wp-block gb-responsive-314912-identifier\">Il existe divers sc\u00e9narios qui permettent aux vendeurs de vendre un produit prot\u00e9g\u00e9 \u2013 par exemple, un livre. Amazon aborde \u00e9galement ces points dans les directives sur la propri\u00e9t\u00e9 intellectuelle :<\/p>\n\n\n<div class=\"theme-block-list\">\n<ol class=\"theme-wp-block wp-block-list desktop-bg-style-square xl-bg-style-square lg-bg-style-square md-bg-style-square sm-bg-style-square desktop-gb-has-no-icon xl-gb-has-no-icon lg-gb-has-no-icon md-gb-has-no-icon sm-gb-has-no-icon gb-responsive-125539-identifier\">\n<li class=\"theme-wp-block gb-responsive-253948-identifier desktop-bg-style-square xl-bg-style-square lg-bg-style-square md-bg-style-square sm-bg-style-square desktop-gb-has-no-icon xl-gb-has-no-icon lg-gb-has-no-icon md-gb-has-no-icon sm-gb-has-no-icon\"><strong>Le vendeur est le cr\u00e9ateur.<\/strong> Bien s\u00fbr, chacun est libre de vendre son propre travail comme il l&#8217;entend.<\/li>\n\n\n\n<li class=\"theme-wp-block gb-responsive-856822-identifier desktop-bg-style-square xl-bg-style-square lg-bg-style-square md-bg-style-square sm-bg-style-square desktop-gb-has-no-icon xl-gb-has-no-icon lg-gb-has-no-icon md-gb-has-no-icon sm-gb-has-no-icon\"><strong>Le cr\u00e9ateur ou le titulaire des droits a autoris\u00e9 la vente.<\/strong> Cependant, les vendeurs doivent s&#8217;assurer qu&#8217;ils peuvent le prouver si n\u00e9cessaire.<\/li>\n\n\n\n<li class=\"theme-wp-block gb-responsive-773216-identifier desktop-bg-style-square xl-bg-style-square lg-bg-style-square md-bg-style-square sm-bg-style-square desktop-gb-has-no-icon xl-gb-has-no-icon lg-gb-has-no-icon md-gb-has-no-icon sm-gb-has-no-icon\"><strong>La vente est autoris\u00e9e selon le principe d&#8217;\u00e9puisement.<\/strong> Selon ce principe, la &#8220;revente d&#8217;un article physique original acquis l\u00e9galement [&#8230;] est [permise] sans l&#8217;autorisation du titulaire des droits d&#8217;auteur.&#8221;<\/li>\n<\/ol>\n<\/div>\n\n\n<blockquote class=\"theme-wp-block wp-block-quote gb-responsive-535607-identifier desktop-icon-size-2 xl-icon-size-2 lg-icon-size-2 md-icon-size-2 sm-icon-size-2 desktop-bg-style-square xl-bg-style-square lg-bg-style-square md-bg-style-square sm-bg-style-square desktop-gb-has-icon xl-gb-has-icon lg-gb-has-icon md-gb-has-icon sm-gb-has-icon is-layout-flow wp-block-quote-is-layout-flow\">\n<p class=\"theme-wp-block gb-responsive-984673-identifier\"><strong>Attention !<\/strong> Le principe d&#8217;\u00e9puisement en Europe ne s&#8217;applique aux articles import\u00e9s que s&#8217;ils ont \u00e9t\u00e9 <strong>introduits ou vendus l\u00e9galement dans l&#8217;EEE<\/strong> au pr\u00e9alable, c&#8217;est-\u00e0-dire par le titulaire des droits ou avec son consentement par une personne autoris\u00e9e. Par cons\u00e9quent, les vendeurs doivent absolument faire attention \u00e0 la cr\u00e9dibilit\u00e9 de leur source d&#8217;approvisionnement pour \u00e9viter les importations parall\u00e8les !<\/p>\n<\/blockquote>\n\n\n\n<h3 class=\"theme-wp-block wp-block-heading gb-responsive-167546-identifier\" id=\"tab-con-10\">Droit des marques chez Amazon<\/h3>\n\n\n<div class=\"wp-block-image gb-responsive-369409-identifier\">\n<figure class=\"theme-wp-block alignright size-large\"><img decoding=\"async\" width=\"500\" height=\"333\" src=\"https:\/\/d2bw95mh2ee04s.cloudfront.net\/prod\/content\/wp-content\/uploads\/2020\/11\/23142916\/amazon-richtlinie-geistiges-eigentum.jpeg\" alt=\"Die Amazon-Richtlinie \u201eGeistiges Eigentum&quot; behandelt auch das Markenrecht.\" class=\"wp-image-1724\" srcset=\"https:\/\/d2bw95mh2ee04s.cloudfront.net\/prod\/content\/wp-content\/uploads\/2020\/11\/23142916\/amazon-richtlinie-geistiges-eigentum-407x271.jpeg 407w, https:\/\/d2bw95mh2ee04s.cloudfront.net\/prod\/content\/wp-content\/uploads\/2020\/11\/23142916\/amazon-richtlinie-geistiges-eigentum.jpeg 500w\" sizes=\"(max-width: 500px) 100vw, 500px\" \/><\/figure><\/div>\n\n\n<p class=\"theme-wp-block gb-responsive-797300-identifier\">Amazon aborde \u00e9galement de mani\u00e8re approfondie le sujet de la violation de marque et des marques en g\u00e9n\u00e9ral dans ses politiques de protection de la propri\u00e9t\u00e9 intellectuelle. Celles-ci sont g\u00e9n\u00e9ralement prot\u00e9g\u00e9es et ne peuvent pas \u00eatre utilis\u00e9es par d&#8217;autres sans autorisation.<\/p>\n\n\n\n<p class=\"theme-wp-block gb-responsive-580713-identifier\">Contrairement au droit d&#8217;auteur, les marques doivent g\u00e9n\u00e9ralement \u00eatre enregistr\u00e9es pour \u00eatre prot\u00e9g\u00e9es contre une utilisation non autoris\u00e9e. En Allemagne, l&#8217;autorit\u00e9 comp\u00e9tente est le <a href=\"https:\/\/www.sellerlogic.com\/fr\/\" target=\"_blank\" rel=\"noreferrer noopener nofollow\">DPMA<\/a>, et au niveau europ\u00e9en, c&#8217;est l&#8217;<a href=\"https:\/\/euipo.europa.eu\/ohimportal\/de\/\" target=\"_blank\" rel=\"noreferrer noopener nofollow\">EUIPO<\/a>.<\/p>\n\n\n\n<p class=\"theme-wp-block gb-responsive-333207-identifier\">Il est important de savoir que : <strong>la protection des marques est toujours territoriale.<\/strong> Ceux qui ont enregistr\u00e9 leur marque aupr\u00e8s du DPMA ne peuvent pas s&#8217;attendre \u00e0 agir contre une utilisation non autoris\u00e9e en Chine. La protection concerne l&#8217;utilisation non autoris\u00e9e de la marque, en particulier lorsqu&#8217;elle induit les clients en erreur, par exemple, concernant qui propose les biens ou qui y est associ\u00e9.<\/p>\n\n\n\n<h4 class=\"theme-wp-block wp-block-heading gb-responsive-962357-identifier\" id=\"tab-con-11\">Les marques peuvent \u00eatre \u00e9chang\u00e9es sous certaines conditions.<\/h4>\n\n\n\n<p class=\"theme-wp-block gb-responsive-678166-identifier\">Les produits de marque enregistr\u00e9e et prot\u00e9g\u00e9e peuvent \u00e9galement \u00eatre \u00e9chang\u00e9s par des tiers \u2013 \u00e0 condition que certaines exigences soient respect\u00e9es. D&#8217;autre part, un propri\u00e9taire de marque peut \u00e9galement interdire l&#8217;utilisation de sa marque. Les politiques d&#8217;Amazon pour prot\u00e9ger la propri\u00e9t\u00e9 intellectuelle reconnaissent divers cas \u00e0 cet \u00e9gard :<\/p>\n\n\n<div class=\"theme-block-list\">\n<ol class=\"theme-wp-block wp-block-list desktop-bg-style-square xl-bg-style-square lg-bg-style-square md-bg-style-square sm-bg-style-square desktop-gb-has-no-icon xl-gb-has-no-icon lg-gb-has-no-icon md-gb-has-no-icon sm-gb-has-no-icon gb-responsive-853370-identifier\">\n<li class=\"theme-wp-block gb-responsive-669340-identifier desktop-bg-style-square xl-bg-style-square lg-bg-style-square md-bg-style-square sm-bg-style-square desktop-gb-has-no-icon xl-gb-has-no-icon lg-gb-has-no-icon md-gb-has-no-icon sm-gb-has-no-icon\">Les biens sont <strong>identiques<\/strong> \u00e0 ceux pour lesquels le titulaire de la marque a enregistr\u00e9 sa marque.<\/li>\n\n\n\n<li class=\"theme-wp-block gb-responsive-200243-identifier desktop-bg-style-square xl-bg-style-square lg-bg-style-square md-bg-style-square sm-bg-style-square desktop-gb-has-no-icon xl-gb-has-no-icon lg-gb-has-no-icon md-gb-has-no-icon sm-gb-has-no-icon\">Les biens ont une <strong>grande similarit\u00e9<\/strong> avec ceux pour lesquels le titulaire de la marque a enregistr\u00e9 sa marque.<\/li>\n\n\n\n<li class=\"theme-wp-block gb-responsive-270403-identifier desktop-bg-style-square xl-bg-style-square lg-bg-style-square md-bg-style-square sm-bg-style-square desktop-gb-has-no-icon xl-gb-has-no-icon lg-gb-has-no-icon md-gb-has-no-icon sm-gb-has-no-icon\">L&#8217;utilisation de la m\u00eame marque ou d&#8217;une marque similaire constitue un <strong>avantage d\u00e9loyal<\/strong>.<\/li>\n\n\n\n<li class=\"theme-wp-block gb-responsive-639912-identifier desktop-bg-style-square xl-bg-style-square lg-bg-style-square md-bg-style-square sm-bg-style-square desktop-gb-has-no-icon xl-gb-has-no-icon lg-gb-has-no-icon md-gb-has-no-icon sm-gb-has-no-icon\">Les caract\u00e9ristiques distinctives ou la <strong>r\u00e9putation de la marque<\/strong> ou du titulaire de la marque sont ill\u00e9galement alt\u00e9r\u00e9es.<\/li>\n<\/ol>\n<\/div>\n\n\n<p class=\"theme-wp-block gb-responsive-128047-identifier\">La bonne nouvelle pour tous les vendeurs Amazon : <strong>Cela ne signifie pas que les produits de marque ne peuvent pas \u00eatre vendus du tout.<\/strong> Ceux qui respectent certaines r\u00e9glementations peuvent effectivement proposer des biens de marque sur Amazon, m\u00eame s&#8217;ils ne sont pas eux-m\u00eames propri\u00e9taires de la marque. Cela doit \u00eatre<\/p>\n\n\n<div class=\"theme-block-list\">\n<ul class=\"theme-wp-block wp-block-list desktop-bg-style-square xl-bg-style-square lg-bg-style-square md-bg-style-square sm-bg-style-square desktop-gb-has-no-icon xl-gb-has-no-icon lg-gb-has-no-icon md-gb-has-no-icon sm-gb-has-no-icon gb-responsive-955078-identifier\">\n<li class=\"theme-wp-block gb-responsive-195770-identifier desktop-bg-style-square xl-bg-style-square lg-bg-style-square md-bg-style-square sm-bg-style-square desktop-gb-has-no-icon xl-gb-has-no-icon lg-gb-has-no-icon md-gb-has-no-icon sm-gb-has-no-icon\"><a href=\"https:\/\/sellercentral.amazon.de\/gp\/help\/external\/help.html?itemID=201165970&amp;language=de_DE&amp;ref=efph_201165970_cont_201361070\" target=\"_blank\" rel=\"noreferrer noopener nofollow\">de traiter des biens originaux<\/a>,<\/li>\n\n\n\n<li class=\"theme-wp-block gb-responsive-878842-identifier desktop-bg-style-square xl-bg-style-square lg-bg-style-square md-bg-style-square sm-bg-style-square desktop-gb-has-no-icon xl-gb-has-no-icon lg-gb-has-no-icon md-gb-has-no-icon sm-gb-has-no-icon\">qui est propos\u00e9 <strong>sous la marque<\/strong> dans son sens original.<\/li>\n<\/ul>\n<\/div>\n\n\n<p class=\"theme-wp-block gb-responsive-243660-identifier\">Par exemple, quiconque souhaite vendre des sacs \u00e0 dos de Deuter peut le faire sur Amazon conform\u00e9ment aux politiques de protection de la propri\u00e9t\u00e9 intellectuelle, \u00e0 condition que les biens soient effectivement des sacs \u00e0 dos originaux de la marque Deuter et soient propos\u00e9s sous le nom de la marque Deuter.<\/p>\n\n\n\n<h4 class=\"theme-wp-block wp-block-heading gb-responsive-272349-identifier\" id=\"tab-con-1\">Similarity versus Compatibility<\/h4>\n\n\n\n<p class=\"theme-wp-block gb-responsive-803929-identifier\">Il est \u00e9galement g\u00e9n\u00e9ralement permis de mentionner une marque pour indiquer la compatibilit\u00e9 d&#8217;un produit non marqu\u00e9. Par exemple, quelqu&#8217;un qui vend des coques de t\u00e9l\u00e9phone peut informer les clients que ces coques sont compatibles avec des mod\u00e8les de marques comme Samsung, Apple ou Huawei.<\/p>\n\n\n\n<blockquote class=\"theme-wp-block wp-block-quote gb-responsive-140503-identifier desktop-icon-size-2 xl-icon-size-2 lg-icon-size-2 md-icon-size-2 sm-icon-size-2 desktop-bg-style-square xl-bg-style-square lg-bg-style-square md-bg-style-square sm-bg-style-square desktop-gb-has-icon xl-gb-has-icon lg-gb-has-icon md-gb-has-icon sm-gb-has-icon is-layout-flow wp-block-quote-is-layout-flow\">\n<p class=\"theme-wp-block gb-responsive-571656-identifier\"><strong>Cependant, il n&#8217;est pas permis de cr\u00e9er une similarit\u00e9 !<\/strong> Pour rester sur l&#8217;exemple des coques de t\u00e9l\u00e9phone : il est interdit d&#8217;affirmer que la coque de t\u00e9l\u00e9phone est similaire \u00e0 celle de Huawei ou m\u00eame meilleure que celles de Samsung.<\/p>\n<\/blockquote>\n\n\n\n<p class=\"theme-wp-block gb-responsive-922694-identifier\">Pour d\u00e9terminer si un produit peut \u00eatre vendu sur Amazon, les vendeurs devraient se poser la question,<\/p>\n\n\n<div class=\"theme-block-list\">\n<ul class=\"theme-wp-block wp-block-list desktop-bg-style-square xl-bg-style-square lg-bg-style-square md-bg-style-square sm-bg-style-square desktop-gb-has-no-icon xl-gb-has-no-icon lg-gb-has-no-icon md-gb-has-no-icon sm-gb-has-no-icon gb-responsive-490730-identifier\">\n<li class=\"theme-wp-block gb-responsive-569322-identifier desktop-bg-style-square xl-bg-style-square lg-bg-style-square md-bg-style-square sm-bg-style-square desktop-gb-has-no-icon xl-gb-has-no-icon lg-gb-has-no-icon md-gb-has-no-icon sm-gb-has-no-icon\">si les biens proviennent d&#8217;une <strong>source r\u00e9put\u00e9e<\/strong>, comme un revendeur autoris\u00e9.<\/li>\n\n\n\n<li class=\"theme-wp-block gb-responsive-920686-identifier desktop-bg-style-square xl-bg-style-square lg-bg-style-square md-bg-style-square sm-bg-style-square desktop-gb-has-no-icon xl-gb-has-no-icon lg-gb-has-no-icon md-gb-has-no-icon sm-gb-has-no-icon\">s&#8217;il existe des <strong>preuves<\/strong> pouvant prouver l&#8217;originalit\u00e9 (par exemple, des documents de facture).<\/li>\n\n\n\n<li class=\"theme-wp-block gb-responsive-542374-identifier desktop-bg-style-square xl-bg-style-square lg-bg-style-square md-bg-style-square sm-bg-style-square desktop-gb-has-no-icon xl-gb-has-no-icon lg-gb-has-no-icon md-gb-has-no-icon sm-gb-has-no-icon\">si les informations sur la page de d\u00e9tails du produit Amazon pourraient \u00eatre <strong>trompeuses<\/strong> et d\u00e9crivent la compatibilit\u00e9 plut\u00f4t que la similarit\u00e9.<\/li>\n<\/ul>\n<\/div>\n\n\n<h3 class=\"theme-wp-block wp-block-heading gb-responsive-853348-identifier\" id=\"tab-con-14\">Patents, Utility Models, and Designs<\/h3>\n\n\n\n<p class=\"theme-wp-block gb-responsive-633115-identifier\">En plus du droit d&#8217;auteur et du droit des marques, Amazon mentionne \u00e9galement les brevets, les mod\u00e8les d&#8217;utilit\u00e9 et les designs dans ses directives en mati\u00e8re de propri\u00e9t\u00e9 intellectuelle. Les trois formes de protection, comme les droits de marque, sont territoriales.<\/p>\n\n\n\n<p class=\"theme-wp-block gb-responsive-385634-identifier\">Les deux premiers se caract\u00e9risent par le fait qu&#8217;ils ne prot\u00e8gent pas une \u0153uvre cr\u00e9ative, mais plut\u00f4t une invention sp\u00e9cifique pour une certaine p\u00e9riode. L&#8217;inventeur obtient le droit par le biais d&#8217;un <strong>brevet<\/strong> d&#8217;interdire la fabrication et l&#8217;utilisation, la vente, ainsi que l&#8217;importation de l&#8217;invention. Il en va de m\u00eame pour les <strong>mod\u00e8les d&#8217;utilit\u00e9<\/strong>, bien que les obstacles \u00e0 leur obtention soient plus faibles et que la protection juridique soit moins compl\u00e8te.<\/p>\n\n\n\n<p class=\"theme-wp-block gb-responsive-649436-identifier\">Un <strong>design<\/strong>, en revanche, fait uniquement r\u00e9f\u00e9rence \u00e0 l&#8217;apparence d&#8217;un produit. Il existe la possibilit\u00e9 d&#8217;enregistrer un design, ce qui accorde une protection illimit\u00e9e. Cependant, les designs non enregistr\u00e9s peuvent \u00e9galement \u00eatre prot\u00e9g\u00e9s pendant trois ans.<\/p>\n\n\n\n<p class=\"theme-wp-block gb-responsive-726721-identifier\">Si un produit est prot\u00e9g\u00e9 par un brevet, un mod\u00e8le d&#8217;utilit\u00e9 ou un design, la vente sur Amazon peut \u00eatre interdite si le vendeur ne d\u00e9tient pas les droits correspondants. Avant qu&#8217;une annonce ne soit cr\u00e9\u00e9e, il convient de s&#8217;assurer qu&#8217;elle ne constitue pas un &#8220;vol&#8221; de propri\u00e9t\u00e9 intellectuelle.<\/p>\n\n\n\n<h2 class=\"theme-wp-block wp-block-heading gb-responsive-360858-identifier\" id=\"tab-con-2\">Quelles cons\u00e9quences une violation des politiques peut-elle avoir ?<\/h2>\n\n\n\n<figure class=\"theme-wp-block wp-block-image size-large gb-responsive-6392-identifier\"><img decoding=\"async\" width=\"844\" height=\"425\" src=\"https:\/\/d2bw95mh2ee04s.cloudfront.net\/prod\/content\/wp-content\/uploads\/2020\/04\/23142846\/wie-kann-man-sein-geistiges-eigentum-bei-amazon-schuetzen.jpeg\" alt=\"Wie kann man sein geistiges Eigentum bei Amazon sch\u00fctzen?\" class=\"wp-image-2148\" srcset=\"https:\/\/d2bw95mh2ee04s.cloudfront.net\/prod\/content\/wp-content\/uploads\/2020\/04\/23142846\/wie-kann-man-sein-geistiges-eigentum-bei-amazon-schuetzen-407x205.jpeg 407w, https:\/\/d2bw95mh2ee04s.cloudfront.net\/prod\/content\/wp-content\/uploads\/2020\/04\/23142846\/wie-kann-man-sein-geistiges-eigentum-bei-amazon-schuetzen-768x387.jpeg 768w, https:\/\/d2bw95mh2ee04s.cloudfront.net\/prod\/content\/wp-content\/uploads\/2020\/04\/23142846\/wie-kann-man-sein-geistiges-eigentum-bei-amazon-schuetzen.jpeg 844w\" sizes=\"(max-width: 844px) 100vw, 844px\" \/><\/figure>\n\n\n\n<p class=\"theme-wp-block gb-responsive-699340-identifier\">Si vous vendez des produits l\u00e9galement prot\u00e9g\u00e9s sans autorisation, cela peut avoir des cons\u00e9quences significatives pour vous. D&#8217;une part, cela peut entra\u00eener des probl\u00e8mes juridiques \u2013 allant de simples lettres de cessation et d&#8217;abstention \u00e0 des demandes de dommages-int\u00e9r\u00eats \u00e9lev\u00e9es et des sanctions p\u00e9nales. D&#8217;autre part, Amazon lui-m\u00eame applique ses politiques de protection de la propri\u00e9t\u00e9 intellectuelle sur le march\u00e9.<\/p>\n\n\n\n<p class=\"theme-wp-block gb-responsive-606434-identifier\">Si Amazon re\u00e7oit un avis qu&#8217;une annonce enfreint les politiques ou les lois applicables, elle <strong>supprimera g\u00e9n\u00e9ralement cette annonce<\/strong> et enverra au vendeur un <strong>avis d&#8217;avertissement<\/strong> par e-mail. En cas de violations multiples, il peut \u00e9galement y avoir plusieurs avis d&#8217;avertissement.<\/p>\n\n\n\n<p class=\"theme-wp-block gb-responsive-319327-identifier\">De plus, le g\u00e9ant du commerce \u00e9lectronique se r\u00e9serve le droit de <strong>d\u00e9truire les <a href=\"https:\/\/www.sellerlogic.com\/fr\/blog\/fulfilled-by-amazon-pour-qui-amazon-fba-est-il-adapte\/\" target=\"_blank\" rel=\"noreferrer noopener\">biens FBA<\/a> correspondants dans ses entrep\u00f4ts<\/strong> \u2013 bien s\u00fbr aux frais du vendeur concern\u00e9 \u2013 et, si n\u00e9cessaire, <strong>suspendre le compte vendeur<\/strong>. Le paiement au vendeur par Amazon sera \u00e9galement retenu jusqu&#8217;\u00e0 ce que le client ait re\u00e7u les biens originaux command\u00e9s.<\/p>\n\n\n\n<h3 class=\"theme-wp-block wp-block-heading gb-responsive-716878-identifier\" id=\"tab-con-3\">D\u00e9poser une objection \u2013 Fournir des preuves<\/h3>\n\n\n\n<p class=\"theme-wp-block gb-responsive-202948-identifier\">Cependant, <a href=\"https:\/\/www.sellerlogic.com\/fr\/blog\/les-6-plus-grandes-erreurs-fba-sur-amazon-et-comment-les-vendeurs-peuvent-demander-une-compensation-avec-succes\/\" target=\"_blank\" rel=\"noreferrer noopener\">Amazon fait des erreurs \u2013 dans les entrep\u00f4ts FBA<\/a> ainsi qu&#8217;\u00e0 travers de fausses plaintes de titulaires de droits. Les vendeurs qui re\u00e7oivent un avis d&#8217;avertissement peuvent r\u00e9pondre \u00e0 cet e-mail et d\u00e9poser une objection, par exemple, s&#8217;ils n&#8217;ont jamais vendu ce produit ou s&#8217;ils sont autoris\u00e9s \u00e0 vendre les biens.<\/p>\n\n\n\n<p class=\"theme-wp-block gb-responsive-142217-identifier\">Dans les politiques d&#8217;Amazon pour la protection de la propri\u00e9t\u00e9 intellectuelle, l&#8217;entreprise souligne que dans de tels cas, elle a besoin de <strong>preuves<\/strong> : &#8220;Si vous pensez qu&#8217;un titulaire de droits ou Amazon a commis une erreur en supprimant vos annonces de produits en raison d&#8217;une violation du droit d&#8217;auteur, veuillez r\u00e9pondre \u00e0 l&#8217;e-mail de notification et fournir des raisons sp\u00e9cifiques pour lesquelles vous pensez qu&#8217;une erreur s&#8217;est produite. Le cas \u00e9ch\u00e9ant, fournissez une facture ou un num\u00e9ro de commande qui prouve l&#8217;authenticit\u00e9 du produit.&#8221;<\/p>\n\n\n\n<p class=\"theme-wp-block gb-responsive-730098-identifier\">Une autre option est de <strong>contacter le titulaire de droits original<\/strong> et de lui demander de retirer la plainte.<\/p>\n\n\n\n<h3 class=\"theme-wp-block wp-block-heading gb-responsive-61690-identifier\" id=\"tab-con-12\">Suspension de compte : \u00c9laborer un plan d&#8217;action<\/h3>\n\n\n\n<p class=\"theme-wp-block gb-responsive-640010-identifier\">La situation devient plus difficile lorsque le(s) compte(s) du vendeur ont d\u00e9j\u00e0 \u00e9t\u00e9 affect\u00e9s par une d\u00e9sactivation. Dans de tels cas, Amazon exige g\u00e9n\u00e9ralement un soi-disant <strong>plan d&#8217;action<\/strong> de la part du vendeur, qui doit inclure diverses informations. Dans les directives en mati\u00e8re de propri\u00e9t\u00e9 intellectuelle, Amazon indique qu&#8217;elle souhaite conna\u00eetre les raisons de la vente ill\u00e9gale, ainsi que les mesures que le vendeur prend pour pr\u00e9venir de telles violations l\u00e9gales \u00e0 l&#8217;avenir.<\/p>\n\n\n\n<blockquote class=\"theme-wp-block wp-block-quote gb-responsive-454168-identifier desktop-icon-size-2 xl-icon-size-2 lg-icon-size-2 md-icon-size-2 sm-icon-size-2 desktop-bg-style-square xl-bg-style-square lg-bg-style-square md-bg-style-square sm-bg-style-square desktop-gb-has-icon xl-gb-has-icon lg-gb-has-icon md-gb-has-icon sm-gb-has-icon is-layout-flow wp-block-quote-is-layout-flow\">\n<p class=\"theme-wp-block gb-responsive-189391-identifier\">Le plan d&#8217;action est un outil populaire utilis\u00e9 par Amazon, qui est \u00e9galement employ\u00e9 dans de nombreux autres cas de violations des r\u00e8gles sur les places de march\u00e9 en ligne par l&#8217;entreprise. Les vendeurs concern\u00e9s ne devraient pas prendre la cr\u00e9ation de cela \u00e0 la l\u00e9g\u00e8re. La communication avec Amazon reste difficile, et les solutions sont toujours pr\u00e9f\u00e9r\u00e9es par le g\u00e9ant en ligne aux justifications. Il peut \u00e9galement \u00eatre judicieux de envisager de faire appel \u00e0 un professionnel, comme une agence sp\u00e9cialis\u00e9e. Plus d&#8217;informations peuvent \u00eatre trouv\u00e9es dans notre <a href=\"https:\/\/www.sellerlogic.com\/fr\/blog\/comment-faire-4-etapes-pour-le-plan-daction-amazon-parfait\/\" target=\"_blank\" rel=\"noreferrer noopener\">Guide : Comment cr\u00e9er un plan d&#8217;action pour Amazon ?<\/a><\/p>\n<\/blockquote>\n\n\n\n<p class=\"theme-wp-block gb-responsive-206029-identifier\">Les parties concern\u00e9es peuvent trouver des informations d\u00e9taill\u00e9es sur l&#8217;application des politiques d&#8217;Amazon pour la protection de la propri\u00e9t\u00e9 intellectuelle sur les <a href=\"https:\/\/sellercentral.amazon.com\/gp\/help\/external\/help.html?itemID=201361070&amp;language=de-DE\" target=\"_blank\" rel=\"noreferrer noopener nofollow\">pages d&#8217;aide dans Seller Central<\/a>.<\/p>\n\n\n\n<h2 class=\"theme-wp-block wp-block-heading gb-responsive-489609-identifier\" id=\"tab-con-13\">Conclusion : Les droits de propri\u00e9t\u00e9 intellectuelle doivent absolument \u00eatre respect\u00e9s !<\/h2>\n\n\n\n<p class=\"theme-wp-block gb-responsive-845388-identifier\">Comme nous l&#8217;avons vu, une violation des politiques de propri\u00e9t\u00e9 intellectuelle d&#8217;Amazon peut avoir de graves cons\u00e9quences. Non seulement le g\u00e9ant du commerce \u00e9lectronique \u00e9met des avis d&#8217;avertissement, mais les annonces de produits sont supprim\u00e9es, les articles FBA sont d\u00e9truits, et dans des cas extr\u00eames, les droits de vente peuvent \u00eatre irr\u00e9vocablement r\u00e9voqu\u00e9s. La performance globale du vendeur n&#8217;a plus d&#8217;importance, peu importe \u00e0 quel point elle peut \u00eatre bonne et quel que soit le faible taux d&#8217;annulation ou le nombre de livraisons en retard. Pour les vendeurs qui g\u00e9n\u00e8rent principalement leurs revenus par le biais d&#8217;Amazon, une suspension de leur compte vendeur est assimil\u00e9e \u00e0 une catastrophe.<\/p>\n\n\n\n<p class=\"theme-wp-block gb-responsive-360441-identifier\">M\u00eame en dehors d&#8217;Amazon, une violation des droits d&#8217;auteur ou des droits de marque peut co\u00fbter beaucoup d&#8217;argent et de nerfs, par exemple, sous la forme de lettres de cessation et d&#8217;abstention. Les vendeurs peuvent \u00e9viter cela gr\u00e2ce \u00e0 une <a href=\"https:\/\/www.sellerlogic.com\/fr\/blog\/6-conseils-pour-demarrer-votre-recherche-de-produits-amazon-fba\/\" target=\"_blank\" rel=\"noreferrer noopener\">recherche de produit approfondie<\/a> et \u00e0 une formulation pr\u00e9cise sur la page de d\u00e9tails du produit concern\u00e9. En cas de doute, il est toujours conseill\u00e9 de consulter un avocat.<\/p>\n\n\n\n<p class=\"theme-wp-block gb-responsive-788799-identifier has-small-font-size\">Cr\u00e9dits d&#8217;image dans l&#8217;ordre des images : \u00a9 peshkov \u2013 stock.adobe.com \/ \u00a9 tiero \u2013 stock.adobe.com \/ \u00a9 \u0100nanda \u2013 stock.adobe.com \/ \u00a9 REDPIXEL \u2013 stock.adobe.com \/ \u00a9 Brad Pict \u2013 stock.adobe.com<\/p>\n","protected":false},"excerpt":{"rendered":"<p>Comme Die Prinzen l&#8217;a chant\u00e9 un jour : &#8220;Tout est juste vol\u00e9 et pris, juste tir\u00e9 et vol\u00e9. \/ Excusez-moi, j&#8217;ai pris la libert\u00e9.&#8221; Ce qui pourrait \u00e0 peine passer pour une r\u00e9f\u00e9rence intertextuelle dans l&#8217;art et la culture peut avoir des cons\u00e9quences consid\u00e9rables pour les entrepreneurs et les d\u00e9taillants : les contrefa\u00e7ons, les faux,<\/p>\n","protected":false},"author":3,"featured_media":1693,"comment_status":"closed","ping_status":"closed","sticky":false,"template":"","format":"standard","meta":{"sidebar_recommended_resources":{"data":[]},"sidebar_header_settings":{"hide_buttons":{"register":false}},"_use_new_theme":false,"inline_featured_image":false,"footnotes":""},"categories":[178],"tags":[],"class_list":["post-87714","post","type-post","status-publish","format-standard","has-post-thumbnail","hentry","category-vendre-sur-amazon"],"yoast_head":"<!-- This site is optimized with the Yoast SEO plugin v26.8 - https:\/\/yoast.com\/product\/yoast-seo-wordpress\/ -->\n<title>Amazon : Droits de vente r\u00e9voqu\u00e9s ?<\/title>\n<meta name=\"description\" content=\"Amazon Marketplace : Droits de vente r\u00e9voqu\u00e9s ? Politique de protection de la propri\u00e9t\u00e9 intellectuelle et ce \u00e0 quoi les vendeurs doivent se conformer.\" \/>\n<meta name=\"robots\" content=\"index, follow, max-snippet:-1, max-image-preview:large, max-video-preview:-1\" \/>\n<link rel=\"canonical\" href=\"https:\/\/www.sellerlogic.com\/fr\/blog\/est-ce-que-tout-est-juste-vole-eo-eo-les-politiques-damazon-pour-proteger-la-propriete-intellectuelle\/\" \/>\n<meta property=\"og:locale\" content=\"fr_FR\" \/>\n<meta property=\"og:type\" content=\"article\" \/>\n<meta property=\"og:title\" content=\"Amazon : Droits de vente r\u00e9voqu\u00e9s ?\" \/>\n<meta property=\"og:description\" content=\"Amazon Marketplace : Droits de vente r\u00e9voqu\u00e9s ? Politique de protection de la propri\u00e9t\u00e9 intellectuelle et ce \u00e0 quoi les vendeurs doivent se conformer.\" \/>\n<meta property=\"og:url\" content=\"https:\/\/www.sellerlogic.com\/fr\/blog\/est-ce-que-tout-est-juste-vole-eo-eo-les-politiques-damazon-pour-proteger-la-propriete-intellectuelle\/\" \/>\n<meta property=\"og:site_name\" content=\"SELLERLOGIC - Outils intelligents pour les vendeurs Amazon\" \/>\n<meta property=\"article:publisher\" content=\"https:\/\/www.facebook.com\/SellerLogic\/\" \/>\n<meta property=\"article:published_time\" content=\"2025-05-24T02:12:33+00:00\" \/>\n<meta property=\"article:modified_time\" content=\"2025-12-10T09:21:09+00:00\" \/>\n<meta property=\"og:image\" content=\"http:\/\/d2bw95mh2ee04s.cloudfront.net\/prod\/content\/wp-content\/uploads\/2020\/11\/23142918\/amazon-richtlinien-geistigen-eigentums.jpeg\" \/>\n\t<meta property=\"og:image:width\" content=\"844\" \/>\n\t<meta property=\"og:image:height\" content=\"443\" \/>\n\t<meta property=\"og:image:type\" content=\"image\/jpeg\" \/>\n<meta name=\"author\" content=\"Robin Bals\" \/>\n<meta name=\"twitter:card\" content=\"summary_large_image\" \/>\n<meta name=\"twitter:creator\" content=\"@sellerlogic\" \/>\n<meta name=\"twitter:site\" content=\"@sellerlogic\" \/>\n<meta name=\"twitter:label1\" content=\"Written by\" \/>\n\t<meta name=\"twitter:data1\" content=\"Robin Bals\" \/>\n\t<meta name=\"twitter:label2\" content=\"Est. reading time\" \/>\n\t<meta name=\"twitter:data2\" content=\"14 minutes\" \/>\n<script type=\"application\/ld+json\" class=\"yoast-schema-graph\">{\"@context\":\"https:\/\/schema.org\",\"@graph\":[{\"@type\":\"Article\",\"@id\":\"https:\/\/www.sellerlogic.com\/fr\/blog\/est-ce-que-tout-est-juste-vole-eo-eo-les-politiques-damazon-pour-proteger-la-propriete-intellectuelle\/#article\",\"isPartOf\":{\"@id\":\"https:\/\/www.sellerlogic.com\/fr\/blog\/est-ce-que-tout-est-juste-vole-eo-eo-les-politiques-damazon-pour-proteger-la-propriete-intellectuelle\/\"},\"author\":{\"name\":\"Robin Bals\",\"@id\":\"https:\/\/www.sellerlogic.com\/fr\/#\/schema\/person\/a05487915912c5ddeb279af2540bd467\"},\"headline\":\"&#8220;Est-ce que tout est juste vol\u00e9, eo, eo&#8221; ? Les politiques d&#8217;Amazon pour prot\u00e9ger la propri\u00e9t\u00e9 intellectuelle\",\"datePublished\":\"2025-05-24T02:12:33+00:00\",\"dateModified\":\"2025-12-10T09:21:09+00:00\",\"mainEntityOfPage\":{\"@id\":\"https:\/\/www.sellerlogic.com\/fr\/blog\/est-ce-que-tout-est-juste-vole-eo-eo-les-politiques-damazon-pour-proteger-la-propriete-intellectuelle\/\"},\"wordCount\":3027,\"publisher\":{\"@id\":\"https:\/\/www.sellerlogic.com\/fr\/#organization\"},\"image\":{\"@id\":\"https:\/\/www.sellerlogic.com\/fr\/blog\/est-ce-que-tout-est-juste-vole-eo-eo-les-politiques-damazon-pour-proteger-la-propriete-intellectuelle\/#primaryimage\"},\"thumbnailUrl\":\"https:\/\/d2bw95mh2ee04s.cloudfront.net\/prod\/content\/wp-content\/uploads\/2020\/11\/23142918\/amazon-richtlinien-geistigen-eigentums.jpeg\",\"articleSection\":[\"Vendre sur Amazon\"],\"inLanguage\":\"fr-FR\"},{\"@type\":\"WebPage\",\"@id\":\"https:\/\/www.sellerlogic.com\/fr\/blog\/est-ce-que-tout-est-juste-vole-eo-eo-les-politiques-damazon-pour-proteger-la-propriete-intellectuelle\/\",\"url\":\"https:\/\/www.sellerlogic.com\/fr\/blog\/est-ce-que-tout-est-juste-vole-eo-eo-les-politiques-damazon-pour-proteger-la-propriete-intellectuelle\/\",\"name\":\"Amazon : Droits de vente r\u00e9voqu\u00e9s ?\",\"isPartOf\":{\"@id\":\"https:\/\/www.sellerlogic.com\/fr\/#website\"},\"primaryImageOfPage\":{\"@id\":\"https:\/\/www.sellerlogic.com\/fr\/blog\/est-ce-que-tout-est-juste-vole-eo-eo-les-politiques-damazon-pour-proteger-la-propriete-intellectuelle\/#primaryimage\"},\"image\":{\"@id\":\"https:\/\/www.sellerlogic.com\/fr\/blog\/est-ce-que-tout-est-juste-vole-eo-eo-les-politiques-damazon-pour-proteger-la-propriete-intellectuelle\/#primaryimage\"},\"thumbnailUrl\":\"https:\/\/d2bw95mh2ee04s.cloudfront.net\/prod\/content\/wp-content\/uploads\/2020\/11\/23142918\/amazon-richtlinien-geistigen-eigentums.jpeg\",\"datePublished\":\"2025-05-24T02:12:33+00:00\",\"dateModified\":\"2025-12-10T09:21:09+00:00\",\"description\":\"Amazon Marketplace : Droits de vente r\u00e9voqu\u00e9s ? Politique de protection de la propri\u00e9t\u00e9 intellectuelle et ce \u00e0 quoi les vendeurs doivent se conformer.\",\"breadcrumb\":{\"@id\":\"https:\/\/www.sellerlogic.com\/fr\/blog\/est-ce-que-tout-est-juste-vole-eo-eo-les-politiques-damazon-pour-proteger-la-propriete-intellectuelle\/#breadcrumb\"},\"inLanguage\":\"fr-FR\",\"potentialAction\":[{\"@type\":\"ReadAction\",\"target\":[\"https:\/\/www.sellerlogic.com\/fr\/blog\/est-ce-que-tout-est-juste-vole-eo-eo-les-politiques-damazon-pour-proteger-la-propriete-intellectuelle\/\"]}]},{\"@type\":\"ImageObject\",\"inLanguage\":\"fr-FR\",\"@id\":\"https:\/\/www.sellerlogic.com\/fr\/blog\/est-ce-que-tout-est-juste-vole-eo-eo-les-politiques-damazon-pour-proteger-la-propriete-intellectuelle\/#primaryimage\",\"url\":\"https:\/\/d2bw95mh2ee04s.cloudfront.net\/prod\/content\/wp-content\/uploads\/2020\/11\/23142918\/amazon-richtlinien-geistigen-eigentums.jpeg\",\"contentUrl\":\"https:\/\/d2bw95mh2ee04s.cloudfront.net\/prod\/content\/wp-content\/uploads\/2020\/11\/23142918\/amazon-richtlinien-geistigen-eigentums.jpeg\",\"width\":844,\"height\":443,\"caption\":\"Creative colorful splatter brain drawing on subtle background. Brainstorm and art concet. 3D Rendering\"},{\"@type\":\"BreadcrumbList\",\"@id\":\"https:\/\/www.sellerlogic.com\/fr\/blog\/est-ce-que-tout-est-juste-vole-eo-eo-les-politiques-damazon-pour-proteger-la-propriete-intellectuelle\/#breadcrumb\",\"itemListElement\":[{\"@type\":\"ListItem\",\"position\":1,\"name\":\"Home\",\"item\":\"https:\/\/www.sellerlogic.com\/fr\/\"},{\"@type\":\"ListItem\",\"position\":2,\"name\":\"Vendre sur Amazon\",\"item\":\"https:\/\/www.sellerlogic.com\/fr\/blog\/category\/vendre-sur-amazon\/\"},{\"@type\":\"ListItem\",\"position\":3,\"name\":\"&#8220;Est-ce que tout est juste vol\u00e9, eo, eo&#8221; ? Les politiques d&#8217;Amazon pour prot\u00e9ger la propri\u00e9t\u00e9 intellectuelle\"}]},{\"@type\":\"WebSite\",\"@id\":\"https:\/\/www.sellerlogic.com\/fr\/#website\",\"url\":\"https:\/\/www.sellerlogic.com\/fr\/\",\"name\":\"SELLERLOGIC - Smarte Tools f\u00fcr Amazon-Seller\",\"description\":\"Intelligente Prozessoptimierung und Gewinnmaximierung\",\"publisher\":{\"@id\":\"https:\/\/www.sellerlogic.com\/fr\/#organization\"},\"potentialAction\":[{\"@type\":\"SearchAction\",\"target\":{\"@type\":\"EntryPoint\",\"urlTemplate\":\"https:\/\/www.sellerlogic.com\/fr\/?s={search_term_string}\"},\"query-input\":{\"@type\":\"PropertyValueSpecification\",\"valueRequired\":true,\"valueName\":\"search_term_string\"}}],\"inLanguage\":\"fr-FR\"},{\"@type\":\"Organization\",\"@id\":\"https:\/\/www.sellerlogic.com\/fr\/#organization\",\"name\":\"SELLERLOGIC\",\"url\":\"https:\/\/www.sellerlogic.com\/fr\/\",\"logo\":{\"@type\":\"ImageObject\",\"inLanguage\":\"fr-FR\",\"@id\":\"https:\/\/www.sellerlogic.com\/fr\/#\/schema\/logo\/image\/\",\"url\":\"https:\/\/d2bw95mh2ee04s.cloudfront.net\/prod\/content\/wp-content\/uploads\/2025\/01\/02134814\/Property-Logo-Main.svg\",\"contentUrl\":\"https:\/\/d2bw95mh2ee04s.cloudfront.net\/prod\/content\/wp-content\/uploads\/2025\/01\/02134814\/Property-Logo-Main.svg\",\"width\":184,\"height\":40,\"caption\":\"SELLERLOGIC\"},\"image\":{\"@id\":\"https:\/\/www.sellerlogic.com\/fr\/#\/schema\/logo\/image\/\"},\"sameAs\":[\"https:\/\/www.facebook.com\/SellerLogic\/\",\"https:\/\/x.com\/sellerlogic\",\"https:\/\/www.instagram.com\/sellerlogic\/\",\"https:\/\/www.linkedin.com\/company\/18402037\/\",\"https:\/\/www.youtube.com\/channel\/UC-gULUur-fNj08sprantKsQ\"]},{\"@type\":\"Person\",\"@id\":\"https:\/\/www.sellerlogic.com\/fr\/#\/schema\/person\/a05487915912c5ddeb279af2540bd467\",\"name\":\"Robin Bals\",\"image\":{\"@type\":\"ImageObject\",\"inLanguage\":\"fr-FR\",\"@id\":\"https:\/\/www.sellerlogic.com\/fr\/#\/schema\/person\/image\/\",\"url\":\"https:\/\/secure.gravatar.com\/avatar\/f66c2fa28ffffc1815e382c30ffecce09f361bdd90c781e97147182b2b1f62e6?s=96&d=mm&r=g\",\"contentUrl\":\"https:\/\/secure.gravatar.com\/avatar\/f66c2fa28ffffc1815e382c30ffecce09f361bdd90c781e97147182b2b1f62e6?s=96&d=mm&r=g\",\"caption\":\"Robin Bals\"},\"description\":\"Robin Bals has been a content author in the fields of Amazon, e-commerce, and tech for many years. Since 2019, he has been part of the SELLERLOGIC team and has made it his mission to communicate complex topics in an understandable and engaging way. With a feel for relevant trends and a clear writing style, he makes sophisticated content accessible to a broad audience.\",\"sameAs\":[\"https:\/\/www.linkedin.com\/in\/robin-bals-b4599b182\/\"],\"url\":\"https:\/\/www.sellerlogic.com\/fr\/blog\/author\/robinbals\/\"}]}<\/script>\n<!-- \/ Yoast SEO plugin. -->","yoast_head_json":{"title":"Amazon : Droits de vente r\u00e9voqu\u00e9s ?","description":"Amazon Marketplace : Droits de vente r\u00e9voqu\u00e9s ? Politique de protection de la propri\u00e9t\u00e9 intellectuelle et ce \u00e0 quoi les vendeurs doivent se conformer.","robots":{"index":"index","follow":"follow","max-snippet":"max-snippet:-1","max-image-preview":"max-image-preview:large","max-video-preview":"max-video-preview:-1"},"canonical":"https:\/\/www.sellerlogic.com\/fr\/blog\/est-ce-que-tout-est-juste-vole-eo-eo-les-politiques-damazon-pour-proteger-la-propriete-intellectuelle\/","og_locale":"fr_FR","og_type":"article","og_title":"Amazon : Droits de vente r\u00e9voqu\u00e9s ?","og_description":"Amazon Marketplace : Droits de vente r\u00e9voqu\u00e9s ? Politique de protection de la propri\u00e9t\u00e9 intellectuelle et ce \u00e0 quoi les vendeurs doivent se conformer.","og_url":"https:\/\/www.sellerlogic.com\/fr\/blog\/est-ce-que-tout-est-juste-vole-eo-eo-les-politiques-damazon-pour-proteger-la-propriete-intellectuelle\/","og_site_name":"SELLERLOGIC - Outils intelligents pour les vendeurs Amazon","article_publisher":"https:\/\/www.facebook.com\/SellerLogic\/","article_published_time":"2025-05-24T02:12:33+00:00","article_modified_time":"2025-12-10T09:21:09+00:00","og_image":[{"width":844,"height":443,"url":"http:\/\/d2bw95mh2ee04s.cloudfront.net\/prod\/content\/wp-content\/uploads\/2020\/11\/23142918\/amazon-richtlinien-geistigen-eigentums.jpeg","type":"image\/jpeg"}],"author":"Robin Bals","twitter_card":"summary_large_image","twitter_creator":"@sellerlogic","twitter_site":"@sellerlogic","twitter_misc":{"Written by":"Robin Bals","Est. reading time":"14 minutes"},"schema":{"@context":"https:\/\/schema.org","@graph":[{"@type":"Article","@id":"https:\/\/www.sellerlogic.com\/fr\/blog\/est-ce-que-tout-est-juste-vole-eo-eo-les-politiques-damazon-pour-proteger-la-propriete-intellectuelle\/#article","isPartOf":{"@id":"https:\/\/www.sellerlogic.com\/fr\/blog\/est-ce-que-tout-est-juste-vole-eo-eo-les-politiques-damazon-pour-proteger-la-propriete-intellectuelle\/"},"author":{"name":"Robin Bals","@id":"https:\/\/www.sellerlogic.com\/fr\/#\/schema\/person\/a05487915912c5ddeb279af2540bd467"},"headline":"&#8220;Est-ce que tout est juste vol\u00e9, eo, eo&#8221; ? Les politiques d&#8217;Amazon pour prot\u00e9ger la propri\u00e9t\u00e9 intellectuelle","datePublished":"2025-05-24T02:12:33+00:00","dateModified":"2025-12-10T09:21:09+00:00","mainEntityOfPage":{"@id":"https:\/\/www.sellerlogic.com\/fr\/blog\/est-ce-que-tout-est-juste-vole-eo-eo-les-politiques-damazon-pour-proteger-la-propriete-intellectuelle\/"},"wordCount":3027,"publisher":{"@id":"https:\/\/www.sellerlogic.com\/fr\/#organization"},"image":{"@id":"https:\/\/www.sellerlogic.com\/fr\/blog\/est-ce-que-tout-est-juste-vole-eo-eo-les-politiques-damazon-pour-proteger-la-propriete-intellectuelle\/#primaryimage"},"thumbnailUrl":"https:\/\/d2bw95mh2ee04s.cloudfront.net\/prod\/content\/wp-content\/uploads\/2020\/11\/23142918\/amazon-richtlinien-geistigen-eigentums.jpeg","articleSection":["Vendre sur Amazon"],"inLanguage":"fr-FR"},{"@type":"WebPage","@id":"https:\/\/www.sellerlogic.com\/fr\/blog\/est-ce-que-tout-est-juste-vole-eo-eo-les-politiques-damazon-pour-proteger-la-propriete-intellectuelle\/","url":"https:\/\/www.sellerlogic.com\/fr\/blog\/est-ce-que-tout-est-juste-vole-eo-eo-les-politiques-damazon-pour-proteger-la-propriete-intellectuelle\/","name":"Amazon : Droits de vente r\u00e9voqu\u00e9s ?","isPartOf":{"@id":"https:\/\/www.sellerlogic.com\/fr\/#website"},"primaryImageOfPage":{"@id":"https:\/\/www.sellerlogic.com\/fr\/blog\/est-ce-que-tout-est-juste-vole-eo-eo-les-politiques-damazon-pour-proteger-la-propriete-intellectuelle\/#primaryimage"},"image":{"@id":"https:\/\/www.sellerlogic.com\/fr\/blog\/est-ce-que-tout-est-juste-vole-eo-eo-les-politiques-damazon-pour-proteger-la-propriete-intellectuelle\/#primaryimage"},"thumbnailUrl":"https:\/\/d2bw95mh2ee04s.cloudfront.net\/prod\/content\/wp-content\/uploads\/2020\/11\/23142918\/amazon-richtlinien-geistigen-eigentums.jpeg","datePublished":"2025-05-24T02:12:33+00:00","dateModified":"2025-12-10T09:21:09+00:00","description":"Amazon Marketplace : Droits de vente r\u00e9voqu\u00e9s ? Politique de protection de la propri\u00e9t\u00e9 intellectuelle et ce \u00e0 quoi les vendeurs doivent se conformer.","breadcrumb":{"@id":"https:\/\/www.sellerlogic.com\/fr\/blog\/est-ce-que-tout-est-juste-vole-eo-eo-les-politiques-damazon-pour-proteger-la-propriete-intellectuelle\/#breadcrumb"},"inLanguage":"fr-FR","potentialAction":[{"@type":"ReadAction","target":["https:\/\/www.sellerlogic.com\/fr\/blog\/est-ce-que-tout-est-juste-vole-eo-eo-les-politiques-damazon-pour-proteger-la-propriete-intellectuelle\/"]}]},{"@type":"ImageObject","inLanguage":"fr-FR","@id":"https:\/\/www.sellerlogic.com\/fr\/blog\/est-ce-que-tout-est-juste-vole-eo-eo-les-politiques-damazon-pour-proteger-la-propriete-intellectuelle\/#primaryimage","url":"https:\/\/d2bw95mh2ee04s.cloudfront.net\/prod\/content\/wp-content\/uploads\/2020\/11\/23142918\/amazon-richtlinien-geistigen-eigentums.jpeg","contentUrl":"https:\/\/d2bw95mh2ee04s.cloudfront.net\/prod\/content\/wp-content\/uploads\/2020\/11\/23142918\/amazon-richtlinien-geistigen-eigentums.jpeg","width":844,"height":443,"caption":"Creative colorful splatter brain drawing on subtle background. Brainstorm and art concet. 3D Rendering"},{"@type":"BreadcrumbList","@id":"https:\/\/www.sellerlogic.com\/fr\/blog\/est-ce-que-tout-est-juste-vole-eo-eo-les-politiques-damazon-pour-proteger-la-propriete-intellectuelle\/#breadcrumb","itemListElement":[{"@type":"ListItem","position":1,"name":"Home","item":"https:\/\/www.sellerlogic.com\/fr\/"},{"@type":"ListItem","position":2,"name":"Vendre sur Amazon","item":"https:\/\/www.sellerlogic.com\/fr\/blog\/category\/vendre-sur-amazon\/"},{"@type":"ListItem","position":3,"name":"&#8220;Est-ce que tout est juste vol\u00e9, eo, eo&#8221; ? Les politiques d&#8217;Amazon pour prot\u00e9ger la propri\u00e9t\u00e9 intellectuelle"}]},{"@type":"WebSite","@id":"https:\/\/www.sellerlogic.com\/fr\/#website","url":"https:\/\/www.sellerlogic.com\/fr\/","name":"SELLERLOGIC - Smarte Tools f\u00fcr Amazon-Seller","description":"Intelligente Prozessoptimierung und Gewinnmaximierung","publisher":{"@id":"https:\/\/www.sellerlogic.com\/fr\/#organization"},"potentialAction":[{"@type":"SearchAction","target":{"@type":"EntryPoint","urlTemplate":"https:\/\/www.sellerlogic.com\/fr\/?s={search_term_string}"},"query-input":{"@type":"PropertyValueSpecification","valueRequired":true,"valueName":"search_term_string"}}],"inLanguage":"fr-FR"},{"@type":"Organization","@id":"https:\/\/www.sellerlogic.com\/fr\/#organization","name":"SELLERLOGIC","url":"https:\/\/www.sellerlogic.com\/fr\/","logo":{"@type":"ImageObject","inLanguage":"fr-FR","@id":"https:\/\/www.sellerlogic.com\/fr\/#\/schema\/logo\/image\/","url":"https:\/\/d2bw95mh2ee04s.cloudfront.net\/prod\/content\/wp-content\/uploads\/2025\/01\/02134814\/Property-Logo-Main.svg","contentUrl":"https:\/\/d2bw95mh2ee04s.cloudfront.net\/prod\/content\/wp-content\/uploads\/2025\/01\/02134814\/Property-Logo-Main.svg","width":184,"height":40,"caption":"SELLERLOGIC"},"image":{"@id":"https:\/\/www.sellerlogic.com\/fr\/#\/schema\/logo\/image\/"},"sameAs":["https:\/\/www.facebook.com\/SellerLogic\/","https:\/\/x.com\/sellerlogic","https:\/\/www.instagram.com\/sellerlogic\/","https:\/\/www.linkedin.com\/company\/18402037\/","https:\/\/www.youtube.com\/channel\/UC-gULUur-fNj08sprantKsQ"]},{"@type":"Person","@id":"https:\/\/www.sellerlogic.com\/fr\/#\/schema\/person\/a05487915912c5ddeb279af2540bd467","name":"Robin Bals","image":{"@type":"ImageObject","inLanguage":"fr-FR","@id":"https:\/\/www.sellerlogic.com\/fr\/#\/schema\/person\/image\/","url":"https:\/\/secure.gravatar.com\/avatar\/f66c2fa28ffffc1815e382c30ffecce09f361bdd90c781e97147182b2b1f62e6?s=96&d=mm&r=g","contentUrl":"https:\/\/secure.gravatar.com\/avatar\/f66c2fa28ffffc1815e382c30ffecce09f361bdd90c781e97147182b2b1f62e6?s=96&d=mm&r=g","caption":"Robin Bals"},"description":"Robin Bals has been a content author in the fields of Amazon, e-commerce, and tech for many years. Since 2019, he has been part of the SELLERLOGIC team and has made it his mission to communicate complex topics in an understandable and engaging way. With a feel for relevant trends and a clear writing style, he makes sophisticated content accessible to a broad audience.","sameAs":["https:\/\/www.linkedin.com\/in\/robin-bals-b4599b182\/"],"url":"https:\/\/www.sellerlogic.com\/fr\/blog\/author\/robinbals\/"}]}},"_links":{"self":[{"href":"https:\/\/www.sellerlogic.com\/fr\/wp-json\/wp\/v2\/posts\/87714","targetHints":{"allow":["GET"]}}],"collection":[{"href":"https:\/\/www.sellerlogic.com\/fr\/wp-json\/wp\/v2\/posts"}],"about":[{"href":"https:\/\/www.sellerlogic.com\/fr\/wp-json\/wp\/v2\/types\/post"}],"author":[{"embeddable":true,"href":"https:\/\/www.sellerlogic.com\/fr\/wp-json\/wp\/v2\/users\/3"}],"replies":[{"embeddable":true,"href":"https:\/\/www.sellerlogic.com\/fr\/wp-json\/wp\/v2\/comments?post=87714"}],"version-history":[{"count":1,"href":"https:\/\/www.sellerlogic.com\/fr\/wp-json\/wp\/v2\/posts\/87714\/revisions"}],"predecessor-version":[{"id":284632,"href":"https:\/\/www.sellerlogic.com\/fr\/wp-json\/wp\/v2\/posts\/87714\/revisions\/284632"}],"wp:featuredmedia":[{"embeddable":true,"href":"https:\/\/www.sellerlogic.com\/fr\/wp-json\/wp\/v2\/media\/1693"}],"wp:attachment":[{"href":"https:\/\/www.sellerlogic.com\/fr\/wp-json\/wp\/v2\/media?parent=87714"}],"wp:term":[{"taxonomy":"category","embeddable":true,"href":"https:\/\/www.sellerlogic.com\/fr\/wp-json\/wp\/v2\/categories?post=87714"},{"taxonomy":"post_tag","embeddable":true,"href":"https:\/\/www.sellerlogic.com\/fr\/wp-json\/wp\/v2\/tags?post=87714"}],"curies":[{"name":"wp","href":"https:\/\/api.w.org\/{rel}","templated":true}]}}