
{"id":224994,"date":"2020-05-14T15:22:00","date_gmt":"2020-05-14T15:22:00","guid":{"rendered":"https:\/\/127.0.0.1\/blog\/hatarokon-atnyulo-e-kereskedelem-az-amazonnal-hogyan-lehet-sikeres-a-nemzetkozi-ertekesitesben\/"},"modified":"2020-05-14T15:22:00","modified_gmt":"2020-05-14T15:22:00","slug":"hatarokon-atnyulo-e-kereskedelem-az-amazonnal-hogyan-lehet-sikeres-a-nemzetkozi-ertekesitesben","status":"publish","type":"post","link":"https:\/\/www.sellerlogic.com\/hu\/blog\/hatarokon-atnyulo-e-kereskedelem-az-amazonnal-hogyan-lehet-sikeres-a-nemzetkozi-ertekesitesben\/","title":{"rendered":"Hat\u00e1rokon \u00c1tny\u00fal\u00f3 E-kereskedelem az Amazonnal: Hogyan lehet sikeres a nemzetk\u00f6zi \u00e9rt\u00e9kes\u00edt\u00e9sben"},"content":{"rendered":"<p class=\"theme-wp-block gb-responsive-650842-identifier\">Val\u00f3j\u00e1ban nincs ok arra, hogy az Amazon elad\u00f3i ne \u00e9rt\u00e9kes\u00edts\u00e9k term\u00e9keiket nemzetk\u00f6zileg. Tal\u00e1n csak: a b\u00fcrokr\u00e1cia. Azonban az e-kereskedelmi \u00f3ri\u00e1s pr\u00f3b\u00e1lja ezt enyh\u00edteni azzal, hogy a lehet\u0151 legegyszer\u0171bb\u00e9 teszi a platformj\u00e1n m\u0171k\u00f6d\u0151 c\u00e9gek sz\u00e1m\u00e1ra a nemzetk\u00f6zi tranzakci\u00f3k lebonyol\u00edt\u00e1s\u00e1t \u2013 k\u00fcl\u00f6n\u00f6sen az eur\u00f3pai szinten.<\/p><p class=\"theme-wp-block gb-responsive-478752-identifier\">K\u00fcl\u00f6n\u00f6sen a kereskedelmi \u00e1ruk elad\u00f3i sz\u00e1m\u00e1ra, akik az <a href=\"https:\/\/www.sellerlogic.com\/hu\/blog\/hogyan-mukodik-az-amazon-fba-minden-amit-tudni-erdemes-a-nepszeru-teljesitesi-szolgaltatasrol-egy-pillantasra\/\" target=\"_blank\" rel=\"noreferrer noopener\">Fulfillment by Amazon<\/a> (FBA) szolg\u00e1ltat\u00e1ssal dolgoznak, viszonylag egyszer\u0171en kezelhetik az \u00e9rt\u00e9kes\u00edt\u00e9st Eur\u00f3p\u00e1ban vagy ak\u00e1r vil\u00e1gszerte. Ennek ellen\u00e9re vannak n\u00e9h\u00e1ny akad\u00e1ly, amelyeket le kell k\u00fczdeni. Megvizsg\u00e1ltuk azokat a lehet\u0151s\u00e9geket, amelyekkel elad\u00f3k\u00e9nt nemzetk\u00f6zileg \u00e9rt\u00e9kes\u00edthet az Amazonon.<\/p><h2 class=\"theme-wp-block wp-block-heading gb-responsive-465021-identifier\" id=\"tab-con-9\">Mi\u00e9rt \u00e9rdemes a nemzetk\u00f6zi \u00e9rt\u00e9kes\u00edt\u00e9s az Amazonon<\/h2><p class=\"theme-wp-block gb-responsive-109203-identifier\">A nemzetk\u00f6zi \u00e9rt\u00e9kes\u00edt\u00e9s az Amazonon \u00f3ri\u00e1si lehet\u0151s\u00e9geket k\u00edn\u00e1l az olyan elad\u00f3k sz\u00e1m\u00e1ra, akik a hazai piac hat\u00e1rain t\u00fal gondolkodnak. Az Amazon vil\u00e1gszerte t\u00f6bb mint 20 piacteret \u00fczemeltet \u2013 k\u00f6zt\u00fck er\u0151s e-kereskedelmi orsz\u00e1gokat, mint az Egyes\u00fclt \u00c1llamok, az Egyes\u00fclt Kir\u00e1lys\u00e1g, Franciaorsz\u00e1g, Olaszorsz\u00e1g, Jap\u00e1n \u00e9s Kanada. Ezek k\u00f6z\u00fcl a piacok k\u00f6z\u00fcl mindegyik milli\u00f3kat vonz a potenci\u00e1lis v\u00e1s\u00e1rl\u00f3k k\u00f6z\u00fcl, akik kifejezetten term\u00e9keket keresnek \u2013 gyakran pontosan azt, amit m\u00e1r sikeresen \u00e9rt\u00e9kes\u00edt a hazai piac\u00e1n.<\/p><p class=\"theme-wp-block gb-responsive-741493-identifier\">A nemzetk\u00f6zi piacterekre val\u00f3 terjeszked\u00e9ssel jelent\u0151sen n\u00f6velheti el\u00e9r\u00e9s\u00e9t \u00e9s \u00faj bev\u00e9teli lehet\u0151s\u00e9geket nyithat meg. K\u00fcl\u00f6n\u00f6sen, ha a term\u00e9k\u00e9nek kev\u00e9s versenyt\u00e1rsa van egy adott orsz\u00e1gban, akkor a l\u00e9p\u00e9s k\u00e9tszeresen \u00e9rdemes: a magasabb l\u00e1that\u00f3s\u00e1gb\u00f3l \u00e9s az alacsonyabb hirdet\u00e9si k\u00f6lts\u00e9gekb\u0151l profit\u00e1l.<\/p><p class=\"theme-wp-block gb-responsive-358985-identifier\">Egy m\u00e1sik el\u0151ny: Az Amazon akt\u00edvan t\u00e1mogatja \u00d6nt a nemzetk\u00f6ziv\u00e9 v\u00e1l\u00e1sban \u2013 olyan programokkal, mint az <a href=\"https:\/\/sell.amazon.com\/global-selling\" target=\"_blank\" rel=\"noreferrer noopener nofollow\">Amazon Global Selling<\/a>, integr\u00e1lt logisztikai megold\u00e1sok (FBA) \u00e9s eszk\u00f6z\u00f6k az ad\u00f3- \u00e9s bev\u00e9teli \u00e1ttekint\u00e9shez. Ez lehet\u0151v\u00e9 teszi a bel\u00e9p\u00e9st m\u00e9g a kis- \u00e9s k\u00f6z\u00e9pv\u00e1llalkoz\u00e1sok sz\u00e1m\u00e1ra is. Akik kor\u00e1n l\u00e9pnek be a nemzetk\u00f6zi piacokra, egy\u00e9rtelm\u0171 versenyel\u0151nyre tesznek szert. M\u00e1rk\u00e1j\u00e1nak ismerts\u00e9g\u00e9t \u00e9p\u00edtheti, miel\u0151tt a piac tel\u00edtett\u00e9 v\u00e1lna, \u00edgy hossz\u00fa t\u00e1von er\u0151s poz\u00edci\u00f3t biztos\u00edthat. Sok professzion\u00e1lis elad\u00f3 is szeretn\u00e9 <strong>b\u0151v\u00edteni \u00fczlet\u00e9t<\/strong> hossz\u00fa t\u00e1von, nagyobb el\u00e9r\u00e9st el\u00e9rni, n\u00f6veked\u00e9st gener\u00e1lni \u00e9s bev\u00e9telt n\u00f6velni. Egy bizonyos pontig sok Amazon elad\u00f3 j\u00f3l tud terjeszkedni nemzeti szinten. Azonban egy id\u0151 ut\u00e1n a <a href=\"https:\/\/www.sellerlogic.com\/hu\/blog\/nemzetkozi-ertekesites-az-amazon-fba-val-egy-vendegcikk-micha-augstein-szakertotol\/\">nemzetk\u00f6ziv\u00e9 v\u00e1l\u00e1s<\/a> t\u00e9m\u00e1ja ker\u00fcl napirendre, mivel a nemzeti piacok \u00f6nmagukban elker\u00fclhetetlen\u00fcl korl\u00e1tozottak az \u00e9rt\u00e9kes\u00edt\u00e9si potenci\u00e1l szempontj\u00e1b\u00f3l.<\/p><blockquote class=\"theme-wp-block wp-block-quote gb-responsive-413021-identifier desktop-icon-size-2 xl-icon-size-2 lg-icon-size-2 md-icon-size-2 sm-icon-size-2 desktop-gb-has-icon xl-gb-has-icon lg-gb-has-icon md-gb-has-icon sm-gb-has-icon desktop-bg-style-circle xl-bg-style-circle lg-bg-style-circle md-bg-style-circle sm-bg-style-circle is-layout-flow wp-block-quote-is-layout-flow\"><p class=\"theme-wp-block gb-responsive-95690-identifier\">De <strong>\u00f3vatoss\u00e1g! A nemzetk\u00f6ziv\u00e9 v\u00e1l\u00e1s nem csodaszer a gyeng\u00e9n teljes\u00edt\u0151 Amazon \u00fczletek sz\u00e1m\u00e1ra.<\/strong> Ink\u00e1bb ebben a helyzetben a nemzeti \u00fczlet probl\u00e9m\u00e1i egyszer\u0171en nemzetk\u00f6zileg is kiterjedn\u00e9nek. Teh\u00e1t el\u0151sz\u00f6r stabiliz\u00e1lja a sz\u00e1mait, miel\u0151tt \u00faj \u00e9rt\u00e9kes\u00edt\u00e9si piacokra mer\u00e9szkedne k\u00fclf\u00f6ld\u00f6n!<\/p><\/blockquote><p class=\"theme-wp-block gb-responsive-254534-identifier\">De a legfontosabb \u00e9rv az Amazon elad\u00f3jak\u00e9nt val\u00f3 terjeszked\u00e9s mellett: A nemzetk\u00f6zi \u00e9rt\u00e9kes\u00edt\u00e9s viszonylag egyszer\u0171 \u2013 sokkal k\u00f6nnyebb, mint p\u00e9ld\u00e1ul <a href=\"https:\/\/www.serviapgroup.com\/blog\/5-challenges-when-expanding-your-business-internationally\/\" target=\"_blank\" rel=\"noreferrer noopener nofollow\">az Amazon vil\u00e1g\u00e1n k\u00edv\u00fcl<\/a>, p\u00e9ld\u00e1ul indul\u00f3 v\u00e1llalkoz\u00e1sok vagy ambici\u00f3zus kis- \u00e9s k\u00f6z\u00e9pv\u00e1llalkoz\u00e1sok sz\u00e1m\u00e1ra.<\/p><p class=\"theme-wp-block gb-responsive-411958-identifier\">Mi\u00e9rt kellene az elad\u00f3knak be\u00e9rni\u00fck a nagy, de korl\u00e1tozott \u00e9rt\u00e9kes\u00edt\u00e9si potenci\u00e1llal az Amazon.de-n, amikor el\u00e9rhetn\u00e9k a <strong>k\u00fclf\u00f6ldi v\u00e1s\u00e1rl\u00f3kat<\/strong> Spanyolorsz\u00e1gban, Olaszorsz\u00e1gban vagy az Egyes\u00fclt \u00c1llamokban is?<\/p>\t\t<div  class=\"theme-wp-block theme-block-text-banner gb-responsive-943798-identifier layout-cta\">\n\n\t\t<div class=\"text-banner-cta\">\n\t<div class=\"wrap-content\">\n\t\t<div class=\"wrap-title\">\n\t\t\tKezdje el utaz\u00e1s\u00e1t az Elad\u00f3b\u00f3l a Legjobb Elad\u00f3v\u00e1 &#8211; az SELLERLOGIC-val.\t\t<\/div>\n\t\t<div class=\"wrap-description\">\n\t\t\t<div class=\"text-description\">\n\t\t\t\tSzerezzen be egy ingyenes pr\u00f3b\u00e1t ma, \u00e9s n\u00e9zze meg, hogyan seg\u00edthetnek a megfelel\u0151 szolg\u00e1ltat\u00e1sok abban, hogy a j\u00f3b\u00f3l a LEGJOBB legyen. Ne v\u00e1rjon. Cselekedjen most.\t\t\t<\/div>\n\t\t\t<div class=\"wp-block-button is-style-theme-white\">\n\t\t\t\t\t\t\t\t<a class=\"wp-block-button__link\" href=\"https:\/\/auth.sellerlogic.com\/en\/site\/register\" target=\"_blank\" rel=\"noreferrer noopener\">Kezdje most<\/a>\n\t\t\t<\/div>\n\t\t<\/div>\n\t<\/div>\n<\/div>\n\t<\/div>\n\n<h3 class=\"theme-wp-block wp-block-heading gb-responsive-661009-identifier\"><strong>El\u0151nyei egy pillant\u00e1sra<\/strong><\/h3><div class=\"theme-block-list\"><ul class=\"theme-wp-block wp-block-list gb-responsive-999937-identifier\"><li class=\"theme-wp-block gb-responsive-426407-identifier desktop-bg-style-square xl-bg-style-square lg-bg-style-square md-bg-style-square sm-bg-style-square desktop-gb-has-no-icon xl-gb-has-no-icon lg-gb-has-no-icon md-gb-has-no-icon sm-gb-has-no-icon\"><strong>\u00c9rt\u00e9kes\u00edt\u00e9si potenci\u00e1l n\u00f6veked\u00e9se<\/strong>: Az eur\u00f3pai Amazon piacterek \u00f6nmagukban t\u00f6bb milli\u00f3 \u00faj potenci\u00e1lis v\u00e1s\u00e1rl\u00f3t k\u00edn\u00e1lnak.<\/li><li class=\"theme-wp-block gb-responsive-817602-identifier desktop-bg-style-square xl-bg-style-square lg-bg-style-square md-bg-style-square sm-bg-style-square desktop-gb-has-no-icon xl-gb-has-no-icon lg-gb-has-no-icon md-gb-has-no-icon sm-gb-has-no-icon\"><strong>A bev\u00e9teli ingadoz\u00e1sok elker\u00fcl\u00e9se<\/strong>: Egy h\u00f3 n\u00e9lk\u00fcli t\u00e9l N\u00e9metorsz\u00e1gban nem jelenti azt, hogy a s\u00edal\u00e1ruh\u00e1zak ne keln\u00e9nek el, mint a meleg p\u00e9ks\u00fctem\u00e9nyek \u00c9szak-Olaszorsz\u00e1gban. Vannak olyan magas bev\u00e9tel\u0171 napok is, mint a nemzeti \u00fcnnepek, amelyek nemcsak N\u00e9metorsz\u00e1gban l\u00e9teznek. Ez seg\u00edt kiegyenl\u00edteni az \u00e9rt\u00e9kes\u00edt\u00e9si ingadoz\u00e1sokat.<\/li><li class=\"theme-wp-block gb-responsive-613796-identifier desktop-bg-style-square xl-bg-style-square lg-bg-style-square md-bg-style-square sm-bg-style-square desktop-gb-has-no-icon xl-gb-has-no-icon lg-gb-has-no-icon md-gb-has-no-icon sm-gb-has-no-icon\"><strong>Egyszer\u0171 integr\u00e1ci\u00f3<\/strong>: A t\u00f6bbi piact\u00e9r technikai integr\u00e1ci\u00f3ja egyszer\u0171 az Amazonnal. A nemzetk\u00f6zi \u00e9rt\u00e9kes\u00edt\u00e9s \u00edgy k\u00f6nnyen megval\u00f3s\u00edthat\u00f3. Akik szeretn\u00e9k, ezt fokozhatj\u00e1k az FBA szolg\u00e1ltat\u00e1ssal, \u00e9s nagyr\u00e9szt az online \u00f3ri\u00e1sra b\u00edzhatj\u00e1k a feldolgoz\u00e1st.<\/li><li class=\"theme-wp-block gb-responsive-304076-identifier desktop-bg-style-square xl-bg-style-square lg-bg-style-square md-bg-style-square sm-bg-style-square desktop-gb-has-no-icon xl-gb-has-no-icon lg-gb-has-no-icon md-gb-has-no-icon sm-gb-has-no-icon\"><strong>Minden egy helyr\u0151l<\/strong>: Ahogyan a nemzeti \u00fczletek, az elad\u00f3k is egy k\u00f6zponti elad\u00f3i fi\u00f3kon kereszt\u00fcl kezelik nemzetk\u00f6zi tev\u00e9kenys\u00e9g\u00fcket. Az ugyanazon term\u00e9k SKU haszn\u00e1lat\u00e1val, mint a hazai piact\u00e9ren, az \u00e1ruk ugyanazzal a k\u00e9szlettel kapcsol\u00f3dnak \u00f6ssze.<\/li><li class=\"theme-wp-block gb-responsive-571537-identifier desktop-bg-style-square xl-bg-style-square lg-bg-style-square md-bg-style-square sm-bg-style-square desktop-gb-has-no-icon xl-gb-has-no-icon lg-gb-has-no-icon md-gb-has-no-icon sm-gb-has-no-icon\"><strong>Professzion\u00e1lis t\u00e1mogat\u00e1s<\/strong>: Sok eszk\u00f6z nemcsak nemzeti szinten haszn\u00e1lhat\u00f3, hanem t\u00e1mogatja a k\u00fclf\u00f6ldi piactereket is. Ez vonatkozik p\u00e9ld\u00e1ul a SELLERLOGIC Repricer vagy Lost &#038; Found.<\/li><\/ul><\/div><h2 class=\"theme-wp-block wp-block-heading gb-responsive-720847-identifier\" id=\"tab-con-10\">Vannak h\u00e1tr\u00e1nyai a nemzetk\u00f6zi \u00e9rt\u00e9kes\u00edt\u00e9snek az Amazonon?<\/h2><figure class=\"theme-wp-block wp-block-image size-large gb-responsive-58098-identifier\"><img decoding=\"async\" width=\"844\" height=\"375\" src=\"https:\/\/d2bw95mh2ee04s.cloudfront.net\/prod\/content\/wp-content\/uploads\/2020\/11\/23142923\/international-verkaufen-amazon.jpg\" alt=\"Nemzetk\u00f6zi \u00e9rt\u00e9kes\u00edt\u00e9s \u2013 az Amazonon \u00e9s m\u00e1shol\" class=\"wp-image-1534\" title=\"Nemzetk\u00f6zi \u00e9rt\u00e9kes\u00edt\u00e9s \u2013 az Amazonon \u00e9s m\u00e1shol\" srcset=\"https:\/\/d2bw95mh2ee04s.cloudfront.net\/prod\/content\/wp-content\/uploads\/2020\/11\/23142923\/international-verkaufen-amazon-407x181.jpg 407w, https:\/\/d2bw95mh2ee04s.cloudfront.net\/prod\/content\/wp-content\/uploads\/2020\/11\/23142923\/international-verkaufen-amazon-768x341.jpg 768w, https:\/\/d2bw95mh2ee04s.cloudfront.net\/prod\/content\/wp-content\/uploads\/2020\/11\/23142923\/international-verkaufen-amazon.jpg 844w\" sizes=\"(max-width: 844px) 100vw, 844px\" \/><\/figure><p class=\"theme-wp-block gb-responsive-931691-identifier\">A kereskedelmi \u00e1ruk elad\u00f3i \u00e1ltal\u00e1ban m\u00e1r megl\u00e9v\u0151 list\u00e1hoz rendelik term\u00e9keiket. Ez\u00e9rt gyakran nem kell agg\u00f3dniuk a nyelv miatt. Azonban a mag\u00e1nc\u00edmke elad\u00f3k nem \u00e9lvezhetik ezt az el\u0151nyt, ha nemzetk\u00f6zileg is szeretn\u00e9k \u00e9rt\u00e9kes\u00edteni Amazon list\u00e1ikat. A <strong>term\u00e9koldal ford\u00edt\u00e1sa<\/strong> a term\u00e9k c\u00edm\u00e9re, term\u00e9kle\u00edr\u00e1s\u00e1ra \u00e9s egy\u00e9b relev\u00e1ns tartalomra vonatkoz\u00f3an szinte elker\u00fclhetetlen. A felsorolt term\u00e9kek sz\u00e1m\u00e1t\u00f3l f\u00fcgg\u0151en ez val\u00f3di k\u00f6lts\u00e9gt\u00e9nyez\u0151 lehet: A gyenge ford\u00edt\u00e1sok nem elfogadhat\u00f3k, ez\u00e9rt a professzion\u00e1lis ford\u00edt\u00e1sokat mindig szakembereknek kell elv\u00e9gezni\u00fck.<\/p><p class=\"theme-wp-block gb-responsive-96536-identifier\">Azonban az elad\u00f3knak m\u00e1s teend\u0151ik is vannak a nemzetk\u00f6ziv\u00e9 v\u00e1l\u00e1s kapcs\u00e1n. <strong>K\u00fcl\u00f6n\u00f6sen jogi szempontb\u00f3l sok munka v\u00e1r r\u00e1juk.<\/strong> Minden orsz\u00e1gnak megvannak a saj\u00e1t el\u0151nyei \u00e9s h\u00e1tr\u00e1nyai. P\u00e9ld\u00e1ul azok, akik az <a href=\"https:\/\/www.sellerlogic.com\/hu\/blog\/how-can-sellers-sell-on-amazon-in-the-usa-a-short-guide\/\">amerikai Amazon piact\u00e9ren<\/a> szeretn\u00e9nek \u00e9rt\u00e9kes\u00edteni, m\u00e1s k\u00e9rd\u00e9sekkel kell foglalkozniuk, mint akik \u00c1zsi\u00e1ra \u00f6sszpontos\u00edtanak. \u00c9szak-Amerika m\u00e9rete \u00e9s az ebb\u0151l ad\u00f3d\u00f3 bev\u00e9teli potenci\u00e1l vonz\u00f3, de m\u00e1sr\u00e9szt a felel\u0151ss\u00e9gi k\u00e9rd\u00e9sek \u00e9s a term\u00e9kek helyes c\u00edmk\u00e9z\u00e9se stresszfaktorr\u00e1 v\u00e1lhat.<\/p><h3 class=\"theme-wp-block wp-block-heading gb-responsive-567983-identifier\" id=\"tab-con-1\">\u00c1FA-azonos\u00edt\u00f3 sz\u00fcks\u00e9ges a k\u00fclf\u00f6ldi t\u00e1rol\u00e1shoz<\/h3><p class=\"theme-wp-block gb-responsive-734885-identifier\">A <strong>helyi t\u00e1rol\u00e1si orsz\u00e1gokban t\u00f6rt\u00e9n\u0151 ad\u00f3regisztr\u00e1ci\u00f3<\/strong> p\u00e9ld\u00e1ul elker\u00fclhetetlen, m\u00e9g az Eur\u00f3pai Uni\u00f3n bel\u00fcli FBA programban val\u00f3 r\u00e9szv\u00e9tel eset\u00e9n is, mivel az \u00e1ruk t\u00e1rol\u00e1sa \u00c1FA-k\u00f6telezetts\u00e9get keletkeztet. Az elad\u00f3knak ez\u00e9rt \u00c1FA-sz\u00e1mot kell k\u00e9rni\u00fck ezekben az orsz\u00e1gokban.<\/p><p class=\"theme-wp-block gb-responsive-363336-identifier\">Ez az ad\u00f3regisztr\u00e1ci\u00f3s k\u00f6telezetts\u00e9g eg\u00e9sz Eur\u00f3p\u00e1ra vonatkozik, m\u00e9g akkor is, ha az elad\u00f3k az Amazon sz\u00e1ll\u00edt\u00e1s\u00e1t haszn\u00e1lj\u00e1k a nemzetk\u00f6zi \u00e9rt\u00e9kes\u00edt\u00e9shez. Azonban az ad\u00f3kat nem felt\u00e9tlen\u00fcl kell megfizetni minden c\u00e9lorsz\u00e1gban, mivel a <a href=\"https:\/\/www.taxdoo.com\/de\/blog\/leitfaden-verbringungen\/\" target=\"_blank\" rel=\"noreferrer noopener nofollow\">\u00e1ruk k\u00fclf\u00f6ldi rakt\u00e1rakba t\u00f6rt\u00e9n\u0151 \u00e1tvitele \u00e1ltal\u00e1ban ad\u00f3mentes<\/a> \u2013 felt\u00e9ve, hogy a c\u00e9lorsz\u00e1g \u00e9rv\u00e9nyes <strong>\u00c1FA-azonos\u00edt\u00f3 sz\u00e1ma (\u00c1FA ID)<\/strong> \u00e9s az \u00e1tvitel igazol\u00e1sa rendelkez\u00e9sre \u00e1ll. A b\u00f6kken\u0151: Az Amazon \u00e1ltal\u00e1ban nem biztos\u00edt ilyen igazol\u00e1st. Ez\u00e9rt sok elad\u00f3 a \u00a7 17c UStDV szerinti pro forma sz\u00e1ml\u00e1khoz folyamodik.<\/p><p class=\"theme-wp-block gb-responsive-729630-identifier\">Egy m\u00e1sik probl\u00e9ma, amely n\u00e9h\u00e1ny EU-orsz\u00e1gban (pl. Lengyelorsz\u00e1g) l\u00e9tezik, a \u00fagynevezett <strong>JPK-jelent\u00e9sek<\/strong>, amelyeket havonta kell beny\u00fajtani az \u00f6sszes tranzakci\u00f3 alapj\u00e1n, \u00e9s amelyek 2020 \u00f3ta teljesen felv\u00e1ltott\u00e1k a hagyom\u00e1nyos \u00c1FA-bevall\u00e1st. Ilyen jelent\u00e9s n\u00e9lk\u00fcl el\u0151fordulhat, hogy a k\u00fclf\u00f6ldi \u00c1FA-azonos\u00edt\u00f3 deaktiv\u00e1l\u00f3dik, a tranzakci\u00f3k ad\u00f3k\u00f6teless\u00e9 v\u00e1lnak, \u00e9s magas b\u00fcntet\u00e9seket szabhatnak ki az online elad\u00f3kra.<\/p><p class=\"theme-wp-block gb-responsive-215955-identifier\">Ez\u00e9rt hat\u00e9konynak bizonyult, ha <strong>bizonyos folyamatokat kiszerveznek<\/strong> annak \u00e9rdek\u00e9ben, hogy az Amazonon a lehet\u0151 legjogosabban \u00e9rt\u00e9kes\u00edthessenek nemzetk\u00f6zileg \u2013 ez k\u00fcl\u00f6n\u00f6sen igaz a jogi \u00e9s ad\u00f3z\u00e1si folyamatokra, mint p\u00e9ld\u00e1ul a k\u00f6nyvel\u00e9s.<\/p><p class=\"theme-wp-block gb-responsive-528336-identifier\">Hasonl\u00f3 szab\u00e1lyok vonatkoznak az Amazon elad\u00f3ira, akik <a href=\"https:\/\/www.taxdoo.com\/de\/blog\/amazon-weltweiter-versand-umsatzsteuer\/\" target=\"_blank\" rel=\"noreferrer noopener nofollow\">vil\u00e1gszerte \u00e9rt\u00e9kes\u00edtenek<\/a>. Itt az ad\u00f3k\u00f6telezetts\u00e9g \u00e1ltal\u00e1ban a c\u00e9lorsz\u00e1gban \u00e1ll fenn, m\u00edg az export sz\u00e1ll\u00edtm\u00e1nyok az eredeti orsz\u00e1gban ad\u00f3mentesek. Azonban vannak <strong>kiterjedt dokument\u00e1ci\u00f3s k\u00f6vetelm\u00e9nyek<\/strong> is, amelyekhez az elad\u00f3knak legjobb, ha <a href=\"https:\/\/sellercentral.amazon.com\/gspn?&amp;ref_=xx_gspn_servs_hp#\/browse?localeSelection=de_DE\" target=\"_blank\" rel=\"noreferrer noopener nofollow\">szakmai t\u00e1mogat\u00e1st k\u00e9rnek<\/a>, p\u00e9ld\u00e1ul egy ad\u00f3tan\u00e1csad\u00f3t\u00f3l.<\/p><h2 class=\"theme-wp-block wp-block-heading gb-responsive-380124-identifier\">K\u00f6vetelm\u00e9nyek \u00e9s strat\u00e9gi\u00e1k a hat\u00e1rokon \u00e1tny\u00fal\u00f3 e-kereskedelembe val\u00f3 bel\u00e9p\u00e9shez<\/h2><div class=\"wp-block-image gb-responsive-645617-identifier desktop-align-center xl-align-center lg-align-center md-align-center sm-align-center\"><figure class=\"theme-wp-block aligncenter size-large\"><img decoding=\"async\" width=\"1680\" height=\"1200\" src=\"https:\/\/d2bw95mh2ee04s.cloudfront.net\/prod\/content\/wp-content\/uploads\/2020\/05\/15161945\/internationalisierung-amazon.jpg\" alt=\"A nemzetk\u00f6ziv\u00e9 v\u00e1l\u00e1s viszonylag k\u00f6nnyen el\u00e9rhet\u0151 az Amazonon.\" class=\"wp-image-83749\" srcset=\"https:\/\/d2bw95mh2ee04s.cloudfront.net\/prod\/content\/wp-content\/uploads\/2020\/05\/15161945\/internationalisierung-amazon-medium.jpg 407w, https:\/\/d2bw95mh2ee04s.cloudfront.net\/prod\/content\/wp-content\/uploads\/2020\/05\/15161945\/internationalisierung-amazon-medium-large.jpg 768w, https:\/\/d2bw95mh2ee04s.cloudfront.net\/prod\/content\/wp-content\/uploads\/2020\/05\/15161945\/internationalisierung-amazon-large.jpg 844w, https:\/\/d2bw95mh2ee04s.cloudfront.net\/prod\/content\/wp-content\/uploads\/2020\/05\/15161945\/internationalisierung-amazon-huge.jpg 1536w, https:\/\/d2bw95mh2ee04s.cloudfront.net\/prod\/content\/wp-content\/uploads\/2020\/05\/15161945\/internationalisierung-amazon.jpg 1680w\" sizes=\"(max-width: 1680px) 100vw, 1680px\" \/><\/figure><\/div><p class=\"theme-wp-block gb-responsive-349161-identifier\">Miel\u0151tt elindulna a nemzetk\u00f6zi Amazon piactereken, \u00e9rdemes ellen\u0151rizni n\u00e9h\u00e1ny alapvet\u0151 k\u00f6vetelm\u00e9nyt \u2013 mind szervezeti, mind strat\u00e9giai szempontb\u00f3l. A sikeres bel\u00e9p\u00e9s a hat\u00e1rokon \u00e1tny\u00fal\u00f3 e-kereskedelembe nemcsak j\u00f3 term\u00e9keken, hanem okos felk\u00e9sz\u00fcl\u00e9sen is alapul.<\/p><p class=\"theme-wp-block gb-responsive-824448-identifier\"><strong>Technikai \u00e9s jogi alapok:<br><\/strong>Gy\u0151z\u0151dj\u00f6n meg arr\u00f3l, hogy az Amazon elad\u00f3i fi\u00f3kja enged\u00e9lyezve van a nemzetk\u00f6zi \u00e9rt\u00e9kes\u00edt\u00e9shez. Az <strong>Amazon Global Selling<\/strong> programmal hozz\u00e1f\u00e9r\u00e9st nyer a nemzetk\u00f6zi piacterekhez, \u00e9s l\u00e1that\u00f3v\u00e1 teheti list\u00e1it vil\u00e1gszerte. Ezenk\u00edv\u00fcl, ahogy kor\u00e1bban eml\u00edtett\u00fck, sz\u00fcks\u00e9ge lesz helyi \u00c1FA-regisztr\u00e1ci\u00f3ra a c\u00e9lorsz\u00e1g f\u00fcggv\u00e9ny\u00e9ben, valamint jogilag megfelel\u0151 term\u00e9kc\u00edmk\u00e9z\u00e9sre \u2013 mind az EU-n bel\u00fcl, mind azon k\u00edv\u00fcl. \u00dczleti folyamatai \u2013 a k\u00f6nyvel\u00e9st\u0151l az \u00fcgyf\u00e9lszolg\u00e1latig \u2013 szint\u00e9n nemzetk\u00f6zileg sk\u00e1l\u00e1zhat\u00f3knak kell lenni\u00fck.<\/p><p class=\"theme-wp-block gb-responsive-675426-identifier\"><strong>Piact\u00e9r v\u00e1laszt\u00e1s: Hol kezdj\u00fck?<br><\/strong>Nem minden piac automatikusan megfelel\u0151 minden term\u00e9k sz\u00e1m\u00e1ra. Elemezze a potenci\u00e1lis \u00e9rt\u00e9kes\u00edt\u00e9si piacokat a kereslet, a verseny, a v\u00e1s\u00e1rl\u00e1si szok\u00e1sok \u00e9s a sz\u00e1ll\u00edt\u00e1si lehet\u0151s\u00e9gek alapj\u00e1n. M\u00edg az amerikai piac \u00f3ri\u00e1si volumen\u0171, az eur\u00f3pai szomsz\u00e9dos orsz\u00e1gok, mint Franciaorsz\u00e1g, Olaszorsz\u00e1g vagy Spanyolorsz\u00e1g gyakran hozz\u00e1f\u00e9rhet\u0151bbek \u2013 k\u00fcl\u00f6n\u00f6sen a n\u00e9metorsz\u00e1gi keresked\u0151k sz\u00e1m\u00e1ra.<\/p><p class=\"theme-wp-block gb-responsive-395427-identifier\"><strong>Strat\u00e9gia: Terjeszked\u00e9s vagy \u00fajraind\u00edt\u00e1s?<br><\/strong>Fontolja meg, hogy megl\u00e9v\u0151 list\u00e1kat szeretne nemzetk\u00f6ziv\u00e9 tenni, vagy kifejezetten \u00fajraind\u00edt\u00e1sk\u00e9nt k\u00edv\u00e1nja meg\u00e9p\u00edteni a piaci bel\u00e9p\u00e9st. Er\u0151s verseny eset\u00e9n \u00e9rdemes lehet a m\u00e1rk\u00e1j\u00e1t kifejezetten a c\u00e9lpiacra pozicion\u00e1lni \u2013 lokaliz\u00e1lt sz\u00f6vegekkel, alkalmazkodott m\u00e1rk\u00e1z\u00e1ssal \u00e9s testreszabott aj\u00e1nlatokkal.<\/p><p class=\"theme-wp-block gb-responsive-165920-identifier\"><strong>Eszk\u00f6z\u00f6k \u00e9s t\u00e1mogat\u00e1s<\/strong><strong><br><\/strong>Haszn\u00e1lja az Amazon \u00e1ltal biztos\u00edtott eszk\u00f6z\u00f6ket, mint p\u00e9ld\u00e1ul a <strong>Build International Listings (BIL)<\/strong> asszisztenst vagy a <strong>Valuta\u00e1tv\u00e1lt\u00f3 Eszk\u00f6zt<\/strong>, hogy szinkroniz\u00e1lja a list\u00e1kat \u00e9s \u00e1thidalja a valutaakad\u00e1lyokat. Alternat\u00edvak\u00e9nt egy\u00fcttm\u0171k\u00f6dhet tapasztalt \u00fcgyn\u00f6ks\u00e9gekkel vagy szolg\u00e1ltat\u00f3kkal, akik az Amazon terjeszked\u00e9s\u00e9re specializ\u00e1l\u00f3dtak.<\/p><p class=\"theme-wp-block gb-responsive-123875-identifier\">R\u00f6viden: Akik megteremtik a megfelel\u0151 felt\u00e9teleket \u00e9s vil\u00e1gos strat\u00e9gi\u00e1val kezdenek, nemcsak az alapokat fektetik le a nemzetk\u00f6zi \u00e9rt\u00e9kes\u00edt\u00e9shez, legyen sz\u00f3 Eur\u00f3p\u00e1r\u00f3l vagy glob\u00e1lis szintr\u0151l \u2013 hanem a fenntarthat\u00f3 sikerhez is.<\/p><h2 class=\"theme-wp-block wp-block-heading gb-responsive-806087-identifier\">Logisztika \u00e9s sz\u00e1ll\u00edt\u00e1s k\u00fclf\u00f6ldre<\/h2><div class=\"wp-block-image gb-responsive-459165-identifier desktop-align-center xl-align-center lg-align-center md-align-center sm-align-center\"><figure class=\"theme-wp-block aligncenter size-large\"><img decoding=\"async\" width=\"1680\" height=\"1200\" src=\"https:\/\/d2bw95mh2ee04s.cloudfront.net\/prod\/content\/wp-content\/uploads\/2020\/05\/15162219\/amazon-versand-international.jpg\" alt=\"Az Amazonon t\u00f6rt\u00e9n\u0151 sz\u00e1ll\u00edt\u00e1s nemzetk\u00f6zileg is lehets\u00e9ges, de p\u00e9ld\u00e1ul a n\u00e9metorsz\u00e1gi FBA-n kereszt\u00fcli teljes\u00edt\u00e9s az eg\u00e9sz Eur\u00f3p\u00e1ba n\u00e9ha ad\u00f3z\u00e1si szempontb\u00f3l k\u00f6nnyebben megval\u00f3s\u00edthat\u00f3.\" class=\"wp-image-83767\" srcset=\"https:\/\/d2bw95mh2ee04s.cloudfront.net\/prod\/content\/wp-content\/uploads\/2020\/05\/15162219\/amazon-versand-international-medium.jpg 407w, https:\/\/d2bw95mh2ee04s.cloudfront.net\/prod\/content\/wp-content\/uploads\/2020\/05\/15162219\/amazon-versand-international-medium-large.jpg 768w, https:\/\/d2bw95mh2ee04s.cloudfront.net\/prod\/content\/wp-content\/uploads\/2020\/05\/15162219\/amazon-versand-international-large.jpg 844w, https:\/\/d2bw95mh2ee04s.cloudfront.net\/prod\/content\/wp-content\/uploads\/2020\/05\/15162219\/amazon-versand-international-huge.jpg 1536w, https:\/\/d2bw95mh2ee04s.cloudfront.net\/prod\/content\/wp-content\/uploads\/2020\/05\/15162219\/amazon-versand-international.jpg 1680w\" sizes=\"(max-width: 1680px) 100vw, 1680px\" \/><\/figure><\/div><p class=\"theme-wp-block gb-responsive-594957-identifier\">A logisztika az egyik k\u00f6zponti sikerfaktor a nemzetk\u00f6zi e-kereskedelemben. A v\u00e1s\u00e1rl\u00f3k ma m\u00e1r nemcsak gyors \u00e9s megb\u00edzhat\u00f3 sz\u00e1ll\u00edtm\u00e1nyokat v\u00e1rnak el \u2013 \u00f6sszehasonl\u00edtj\u00e1k a sz\u00e1ll\u00edt\u00e1si k\u00f6lts\u00e9geket, a visszak\u00fcld\u00e9si lehet\u0151s\u00e9geket \u00e9s az \u00fcgyf\u00e9lszolg\u00e1lat min\u0151s\u00e9g\u00e9t is. Akik ezen a ter\u00fcleten kiemelkednek, nemcsak a term\u00e9kkel, hanem az eg\u00e9sz v\u00e1s\u00e1rl\u00e1si \u00e9lm\u00e9nnyel is sikert aratnak.<\/p><div class=\"theme-block-list\"><ul class=\"theme-wp-block wp-block-list desktop-bg-style-square xl-bg-style-square lg-bg-style-square md-bg-style-square sm-bg-style-square desktop-gb-has-no-icon xl-gb-has-no-icon lg-gb-has-no-icon md-gb-has-no-icon sm-gb-has-no-icon gb-responsive-781520-identifier\"><li class=\"theme-wp-block desktop-bg-style-square xl-bg-style-square lg-bg-style-square md-bg-style-square sm-bg-style-square desktop-gb-has-no-icon xl-gb-has-no-icon lg-gb-has-no-icon md-gb-has-no-icon sm-gb-has-no-icon gb-responsive-616250-identifier\">FBA vs. Saj\u00e1t sz\u00e1ll\u00edt\u00e1s: Az Amazon er\u0151teljes megold\u00e1st k\u00edn\u00e1l a nemzetk\u00f6zi sz\u00e1ll\u00edt\u00e1shoz a Fulfillment by Amazon (FBA) r\u00e9v\u00e9n. \u00d6n a term\u00e9keit egy Amazon logisztikai k\u00f6zpontba k\u00fcldi a c\u00e9lorsz\u00e1gban \u2013 az Amazon gondoskodik a t\u00e1rol\u00e1sr\u00f3l, a sz\u00e1ll\u00edt\u00e1sr\u00f3l, az \u00fcgyf\u00e9lszolg\u00e1latr\u00f3l \u00e9s a visszak\u00fcld\u00e9sek feldolgoz\u00e1s\u00e1r\u00f3l. A nagy el\u0151ny: A v\u00e1s\u00e1rl\u00f3k gyorsabban kapj\u00e1k meg rendel\u00e9seiket, \u00e9s b\u00edznak a megszokott Amazon szolg\u00e1ltat\u00e1sban. Alternat\u00edvak\u00e9nt a sz\u00e1ll\u00edt\u00e1st saj\u00e1t maga is kezelheti (FBM = Fulfillment by Merchant). Ez nagyobb kontrollt k\u00edn\u00e1l, de tapasztalatot ig\u00e9nyel a nemzetk\u00f6zi sz\u00e1ll\u00edt\u00e1s ter\u00e9n, pl. a v\u00e1mokkal kapcsolatos dokumentumok kezel\u00e9s\u00e9ben, az orsz\u00e1g-specifikus sz\u00e1ll\u00edt\u00e1si szolg\u00e1ltat\u00e1sokban \u00e9s a visszak\u00fcld\u00e9sekben. Ez az opci\u00f3 k\u00fcl\u00f6n\u00f6sen alkalmas olyan niche term\u00e9kekre, amelyeket nem \u00e9rt\u00e9kes\u00edtenek nagy mennyis\u00e9gben.<\/li><li class=\"theme-wp-block desktop-bg-style-square xl-bg-style-square lg-bg-style-square md-bg-style-square sm-bg-style-square desktop-gb-has-no-icon xl-gb-has-no-icon lg-gb-has-no-icon md-gb-has-no-icon sm-gb-has-no-icon gb-responsive-705181-identifier\">V\u00e1m- \u00e9s importszab\u00e1lyok: Amikor nem-EU orsz\u00e1gokba (pl. Sv\u00e1jc, USA vagy Egyes\u00fclt Kir\u00e1lys\u00e1g) sz\u00e1ll\u00edt, figyelembe kell vennie a v\u00e1mel\u0151\u00edr\u00e1sokat, az import \u00c1F\u00c1-t \u00e9s a term\u00e9kc\u00edmk\u00e9z\u00e9st. A helytelen nyilatkozat k\u00e9sedelmekhez vagy ak\u00e1r visszak\u00fcld\u00e9sekhez vezethet. Ez az FBA elad\u00f3kra is vonatkozik: A jogilag megfelel\u0151 import\u00e9rt a felel\u0151ss\u00e9g az elad\u00f3t terheli.<\/li><li class=\"theme-wp-block desktop-bg-style-square xl-bg-style-square lg-bg-style-square md-bg-style-square sm-bg-style-square desktop-gb-has-no-icon xl-gb-has-no-icon lg-gb-has-no-icon md-gb-has-no-icon sm-gb-has-no-icon gb-responsive-706090-identifier\">Sz\u00e1ll\u00edt\u00e1si id\u0151k, visszat\u00e9r\u00e9sek \u00e9s \u00fcgyf\u00e9lkommunik\u00e1ci\u00f3: Az \u00e1tl\u00e1that\u00f3 sz\u00e1ll\u00edt\u00e1si id\u0151k kulcsfontoss\u00e1g\u00faak a v\u00e1s\u00e1rl\u00e1si d\u00f6nt\u00e9s szempontj\u00e1b\u00f3l. Min\u00e9l jobban kezelik a logisztikai folyamataikat, ann\u00e1l el\u00e9gedettebbek lesznek a nemzetk\u00f6zi \u00fcgyfeleik. Ugyanakkor egy vil\u00e1gos folyamatot kell meghat\u00e1rozni a visszat\u00e9r\u00e9sekre \u2013 lehet\u0151leg helyi visszat\u00e9r\u00e9si c\u00edmmel vagy egy visszat\u00e9r\u00e9si szolg\u00e1ltat\u00f3 partnerrel a c\u00e9lorsz\u00e1gban. Az Amazon ezt r\u00e9szben m\u00e9g meg is k\u00f6veteli.<\/li><\/ul><\/div><p class=\"theme-wp-block gb-responsive-736545-identifier\"><strong>Tip<\/strong>: Sok elad\u00f3 specializ\u00e1lt logisztikai szolg\u00e1ltat\u00f3kat haszn\u00e1l, amelyek az Amazon k\u00fclf\u00f6ldi sz\u00e1ll\u00edt\u00e1s\u00e1ra \u00f6sszpontos\u00edtanak \u2013 bele\u00e9rtve a v\u00e1mkezel\u00e9st, a csomagol\u00e1st \u00e9s a rakt\u00e1roz\u00e1st.<\/p>\t\t<div  class=\"theme-wp-block theme-block-text-banner gb-responsive-274850-identifier layout-cta\">\n\n\t\t<div class=\"text-banner-cta\">\n\t<div class=\"wrap-content\">\n\t\t<div class=\"wrap-title\">\n\t\t\tKezdje el utaz\u00e1s\u00e1t az Elad\u00f3b\u00f3l a Legjobb Elad\u00f3v\u00e1 &#8211; az SELLERLOGIC-val.\t\t<\/div>\n\t\t<div class=\"wrap-description\">\n\t\t\t<div class=\"text-description\">\n\t\t\t\tSzerezzen be egy ingyenes pr\u00f3b\u00e1t ma, \u00e9s n\u00e9zze meg, hogyan seg\u00edthetnek a megfelel\u0151 szolg\u00e1ltat\u00e1sok abban, hogy a j\u00f3b\u00f3l a LEGJOBB legyen. Ne v\u00e1rjon. Cselekedjen most.\t\t\t<\/div>\n\t\t\t<div class=\"wp-block-button is-style-theme-white\">\n\t\t\t\t\t\t\t\t<a class=\"wp-block-button__link\" href=\"https:\/\/auth.sellerlogic.com\/en\/site\/register\" target=\"_blank\" rel=\"noreferrer noopener\">Kezdje most<\/a>\n\t\t\t<\/div>\n\t\t<\/div>\n\t<\/div>\n<\/div>\n\t<\/div>\n\n<h3 class=\"theme-wp-block wp-block-heading gb-responsive-461084-identifier\">Ad\u00f3k\u00f6vetelm\u00e9nyek \u00e9s regisztr\u00e1ci\u00f3k a c\u00e9lpiacokon<\/h3><p class=\"theme-wp-block gb-responsive-271242-identifier\">Azoknak, akik nemzetk\u00f6zi szinten \u00e9rt\u00e9kes\u00edtenek az Amazonon, foglalkozniuk kell a k\u00fcl\u00f6nb\u00f6z\u0151 ad\u00f3szab\u00e1lyokkal \u2013 ez gyakran bonyolult, de elengedhetetlen t\u00e9ma. A c\u00e9lorsz\u00e1g f\u00fcggv\u00e9ny\u00e9ben k\u00fcl\u00f6nb\u00f6z\u0151 k\u00f6telezetts\u00e9gek vonatkoznak az \u00e1fa, a regisztr\u00e1ci\u00f3k \u00e9s a jelent\u00e9sek tekintet\u00e9ben. A hib\u00e1k vagy mulaszt\u00e1sok gyorsan k\u00f6lts\u00e9gess\u00e9 v\u00e1lhatnak. Ez az EU-ban az \u00e1f\u00e1ra is vonatkozik, a VAT szab\u00e1lyoz\u00e1sok, a One-Stop-Shop, a Schengeni \u00d6vezet stb. ellen\u00e9re.<\/p><h4 class=\"theme-wp-block wp-block-heading gb-responsive-74037-identifier\">\u00c1fa k\u00f6telezetts\u00e9g \u00e9s regisztr\u00e1ci\u00f3k<\/h4><p class=\"theme-wp-block gb-responsive-209099-identifier\">Amint term\u00e9keket sz\u00e1ll\u00edt m\u00e1s orsz\u00e1gba vagy ott t\u00e1rolja \u0151ket (pl. FBA-n kereszt\u00fcl), ad\u00f3regisztr\u00e1ci\u00f3s k\u00f6telezetts\u00e9gek mer\u00fclhetnek fel. Az EU-ban a \u00fagynevezett OSS elj\u00e1r\u00e1s (One-Stop-Shop) \u00e9rv\u00e9nyes, amely lehet\u0151v\u00e9 teszi a hat\u00e1rokon \u00e1tny\u00fal\u00f3 \u00e9rt\u00e9kes\u00edt\u00e9sek k\u00f6zponti jelent\u00e9s\u00e9t \u00e9s ad\u00f3z\u00e1s\u00e1t \u2013 de csak akkor, ha az \u00e1rukat egyetlen EU orsz\u00e1gb\u00f3l sz\u00e1ll\u00edtja. Ha az \u00e1rukat t\u00f6bb orsz\u00e1gban t\u00e1rolja (pl. FBA-n kereszt\u00fcl Lengyelorsz\u00e1gban vagy Csehorsz\u00e1gban), ott k\u00fcl\u00f6n \u00e1fa azonos\u00edt\u00f3 sz\u00e1mra lesz sz\u00fcks\u00e9ge, \u00e9s rendszeresen be kell ny\u00fajtania a helyi ad\u00f3bevall\u00e1sokat. Ugyanezek a regisztr\u00e1ci\u00f3s \u00e9s beny\u00fajt\u00e1si k\u00f6telezetts\u00e9gek vonatkoznak az EU-n k\u00edv\u00fcli orsz\u00e1gokra is \u2013 mint p\u00e9ld\u00e1ul az Egyes\u00fclt Kir\u00e1lys\u00e1g vagy az Egyes\u00fclt \u00c1llamok.<\/p><h4 class=\"theme-wp-block wp-block-heading gb-responsive-305086-identifier\">Az Amazon t\u00e1mogat \u2013 de \u00d6n marad a felel\u0151s<\/h4><p class=\"theme-wp-block gb-responsive-793392-identifier\">M\u00edg az elad\u00f3kat az Amazon eml\u00e9kezteti ad\u00f3k\u00f6telezetts\u00e9geikre, \u00e9s n\u00e9h\u00e1ny orsz\u00e1gban el\u00e9rhet\u0151k az automatiz\u00e1lt ad\u00f3sz\u00e1m\u00edt\u00e1sok, a jogi felel\u0151ss\u00e9g mindig az elad\u00f3n\u00e1l marad. K\u00fcl\u00f6n\u00f6sen FBA haszn\u00e1lata eset\u00e9n alaposan ellen\u0151riznie kell, hol t\u00e1rolj\u00e1k az \u00e1rui \u2013 mivel ez tov\u00e1bbi ad\u00f3k\u00f6telezetts\u00e9geket vonhat maga ut\u00e1n.<\/p><blockquote class=\"theme-wp-block wp-block-quote gb-responsive-74984-identifier desktop-icon-size-2 xl-icon-size-2 lg-icon-size-2 md-icon-size-2 sm-icon-size-2 desktop-gb-has-icon xl-gb-has-icon lg-gb-has-icon md-gb-has-icon sm-gb-has-icon desktop-bg-style-circle xl-bg-style-circle lg-bg-style-circle md-bg-style-circle sm-bg-style-circle is-layout-flow wp-block-quote-is-layout-flow\"><p class=\"theme-wp-block gb-responsive-379859-identifier\"><strong>Aj\u00e1nl\u00e1s: Egy\u00fcttm\u0171k\u00f6d\u00e9s ad\u00f3szak\u00e9rt\u0151kkel<\/strong><\/p><p class=\"theme-wp-block gb-responsive-946910-identifier\">Kezd\u0151k sz\u00e1m\u00e1ra aj\u00e1nlott egy\u00fcttm\u0171k\u00f6dni olyan specializ\u00e1lt ad\u00f3tan\u00e1csad\u00f3kkal vagy szolg\u00e1ltat\u00f3kkal, akik j\u00e1rtasak a nemzetk\u00f6zi e-kereskedelemben. Sokan teljes megold\u00e1sokat k\u00edn\u00e1lnak az Amazon elad\u00f3k sz\u00e1m\u00e1ra \u2013 bele\u00e9rtve az \u00e1fa regisztr\u00e1ci\u00f3t, havi jelent\u00e9seket \u00e9s a hat\u00f3s\u00e1gokkal val\u00f3 kommunik\u00e1ci\u00f3t. M\u00e9g ha a b\u00fcrokratikus er\u0151fesz\u00edt\u00e9s kezdetben ijeszt\u0151nek t\u0171nik is \u2013 a megfelel\u0151 t\u00e1mogat\u00e1ssal az ad\u00f3z\u00e1si megfelel\u00e9s t\u00e9m\u00e1ja kezelhet\u0151v\u00e9 \u00e9s j\u00f3l ir\u00e1ny\u00edthat\u00f3v\u00e1 v\u00e1lik.<\/p><\/blockquote><h3 class=\"theme-wp-block wp-block-heading gb-responsive-104488-identifier\">Jogi saj\u00e1toss\u00e1gok k\u00fcl\u00f6nb\u00f6z\u0151 orsz\u00e1gokban<\/h3><p class=\"theme-wp-block gb-responsive-469122-identifier\">Nemzetk\u00f6zi \u00e9rt\u00e9kes\u00edt\u00e9skor az Amazonon nemcsak k\u00fcl\u00f6nb\u00f6z\u0151 ad\u00f3szab\u00e1lyok vonatkoznak \u2013 a fogyaszt\u00f3i jogok, a term\u00e9kbiztons\u00e1gi k\u00f6vetelm\u00e9nyek \u00e9s a garanci\u00e1lis szab\u00e1lyok is jelent\u0151sen elt\u00e9rnek az egyes orsz\u00e1gokban. Akik nincsenek tiszt\u00e1ban az orsz\u00e1gra vonatkoz\u00f3 ir\u00e1nyelvekkel, figyelmeztet\u00e9seket, blokkolt hirdet\u00e9seket vagy ak\u00e1r jogi k\u00f6vetkezm\u00e9nyeket kock\u00e1ztatnak.<\/p><p class=\"theme-wp-block gb-responsive-571282-identifier\"><strong>Term\u00e9kbiztons\u00e1gi \u00e9s c\u00edmk\u00e9z\u00e9si k\u00f6telezetts\u00e9gek<\/strong><\/p><p class=\"theme-wp-block gb-responsive-337604-identifier\">A term\u00e9k t\u00edpus\u00e1t\u00f3l f\u00fcgg\u0151en k\u00fcl\u00f6nb\u00f6z\u0151 orsz\u00e1gok saj\u00e1t k\u00f6vetelm\u00e9nyeikkel rendelkeznek a biztons\u00e1gi jel\u00f6l\u00e9sek, figyelmeztet\u00e9sek vagy tan\u00fas\u00edtv\u00e1nyok tekintet\u00e9ben. Egy p\u00e9lda: Az EU-ban sok term\u00e9k eset\u00e9ben k\u00f6telez\u0151 a CE jel\u00f6l\u00e9s \u2013 m\u00edg az Egyes\u00fclt \u00c1llamokban a UL jel\u00f6l\u00e9s fontos szerepet j\u00e1tszik. Nyelvspecifikus utas\u00edt\u00e1sok (pl. haszn\u00e1lati \u00fatmutat\u00f3k franci\u00e1ul Kanad\u00e1ban vagy Franciaorsz\u00e1gban) szint\u00e9n jogilag k\u00f6telez\u0151ek.<\/p><p class=\"theme-wp-block gb-responsive-538955-identifier\"><strong>Csomagol\u00e1si t\u00f6rv\u00e9nyek \u00e9s \u00fajrahasznos\u00edt\u00e1si k\u00f6telezetts\u00e9gek<\/strong><\/p><p class=\"theme-wp-block gb-responsive-126496-identifier\">Sok orsz\u00e1gban jogi szab\u00e1lyoz\u00e1sok vonatkoznak a csomagol\u00e1s visszat\u00e9r\u00e9s\u00e9re vagy regisztr\u00e1ci\u00f3j\u00e1ra \u2013 pl. a n\u00e9met Csomagol\u00e1si T\u00f6rv\u00e9ny (LUCID) vagy hasonl\u00f3 rendszerek Franciaorsz\u00e1gban \u00e9s Olaszorsz\u00e1gban. Akik nem regisztr\u00e1lnak vagy nem teljes\u00edtik a k\u00f6telezetts\u00e9geiket, lehet, hogy nem \u00e1rus\u00edthatj\u00e1k leg\u00e1lisan a term\u00e9keiket ott.<\/p><p class=\"theme-wp-block gb-responsive-7585-identifier\"><strong>Impresszum, visszat\u00e9r\u00e9si jog \u00e9s garancia<\/strong><\/p><p class=\"theme-wp-block gb-responsive-17663-identifier\">A visszat\u00e9r\u00e9sek \u00e9s garanci\u00e1k tekintet\u00e9ben is jelent\u0151s elt\u00e9r\u00e9sek vannak. Az EU-ban a fogyaszt\u00f3knak \u00e1ltal\u00e1ban 14 napos el\u00e1ll\u00e1si joguk van \u2013 indokl\u00e1s n\u00e9lk\u00fcl. M\u00e1s orsz\u00e1gokban elt\u00e9r\u0151 hat\u00e1rid\u0151k vagy felt\u00e9telek vonatkoznak. Elad\u00f3k\u00e9nt helyesen kell megval\u00f3s\u00edtania ezeket az orsz\u00e1gra vonatkoz\u00f3 jogokat, \u00e9s figyelembe kell vennie \u0151ket a term\u00e9kle\u00edr\u00e1sban is. Az impresszum szint\u00e9n nagyon fontos. Ez a k\u00f6telezetts\u00e9g sok orsz\u00e1gban l\u00e9tezik.<\/p><p class=\"theme-wp-block gb-responsive-512004-identifier\"><strong>Amazon-specifikus k\u00f6vetelm\u00e9nyek piact\u00e9renk\u00e9nt<\/strong><\/p><p class=\"theme-wp-block gb-responsive-346064-identifier\">A jogi k\u00f6vetelm\u00e9nyek mellett az Amazon maga is specifikus k\u00f6vetelm\u00e9nyeket \u00e1ll\u00edt fel minden piact\u00e9rre \u2013 pl. a term\u00e9kc\u00edmek, kategoriz\u00e1l\u00e1s, term\u00e9kk\u00e9pek vagy tartalmi ir\u00e1nyelvek tekintet\u00e9ben. Ami N\u00e9metorsz\u00e1gban megengedett, az s\u00e9rtheti az ir\u00e1nyelveket az Egyes\u00fclt \u00c1llamokban \u2013 \u00e9s ford\u00edtva.<\/p><h3 class=\"theme-wp-block wp-block-heading gb-responsive-779226-identifier\" id=\"tab-con-2\">Hogyan m\u0171k\u00f6dik az Amazon Pan EU?<\/h3><div class=\"wp-block-image gb-responsive-984200-identifier desktop-align-center xl-align-center lg-align-center md-align-center sm-align-center\"><figure class=\"theme-wp-block aligncenter size-full is-resized\"><img decoding=\"async\" width=\"600\" height=\"309\" src=\"https:\/\/d2bw95mh2ee04s.cloudfront.net\/prod\/content\/wp-content\/uploads\/2020\/05\/23142929\/amazon-handmade-international-verkaufen.jpg\" alt=\"Az Amazonon a k\u00e9zm\u0171ves term\u00e9keket is lehet nemzetk\u00f6zileg \u00e9rt\u00e9kes\u00edteni.\" class=\"wp-image-1365\" style=\"width:850px;height:auto\" title=\"Az Amazonon a k\u00e9zm\u0171ves term\u00e9keket is lehet nemzetk\u00f6zileg \u00e9rt\u00e9kes\u00edteni.\" srcset=\"https:\/\/d2bw95mh2ee04s.cloudfront.net\/prod\/content\/wp-content\/uploads\/2020\/05\/23142929\/amazon-handmade-international-verkaufen-407x210.jpg 407w, https:\/\/d2bw95mh2ee04s.cloudfront.net\/prod\/content\/wp-content\/uploads\/2020\/05\/23142929\/amazon-handmade-international-verkaufen.jpg 600w\" sizes=\"(max-width: 600px) 100vw, 600px\" \/><\/figure><\/div><p class=\"theme-wp-block gb-responsive-826897-identifier\">A saj\u00e1t online bolt glob\u00e1lis l\u00e9trehoz\u00e1s\u00e1nak szervez\u00e9si \u00e9s jogi er\u0151fesz\u00edt\u00e9seihez k\u00e9pest viszonylag k\u00f6nny\u0171 <a href=\"https:\/\/sell.amazon.de\/versand-durch-amazon\/europa?ref_=asde_soa_rd&amp;\" target=\"_blank\" rel=\"noreferrer noopener nofollow\">nemzetk\u00f6zileg \u00e9rt\u00e9kes\u00edteni az Amazon FBA-n kereszt\u00fcl<\/a>. Mivel, ak\u00e1rcsak a belf\u00f6ldi Fulfillment by Amazon eset\u00e9ben, az online \u00f3ri\u00e1s gondoskodik a t\u00e1rol\u00e1sr\u00f3l, sz\u00e1ll\u00edt\u00e1sr\u00f3l, a visszat\u00e9r\u00e9si folyamatokr\u00f3l \u00e9s az \u00fcgyf\u00e9lszolg\u00e1latr\u00f3l. Ez az utols\u00f3 pont \u00f6r\u00f6met okozhat az elad\u00f3knak, mivel megk\u00edm\u00e9li \u0151ket a neh\u00e9zkes kommunik\u00e1ci\u00f3t\u00f3l a k\u00fclf\u00f6ldi nyelveken besz\u00e9l\u0151 \u00fcgyfelekkel.<\/p><p class=\"theme-wp-block gb-responsive-655634-identifier\">Az elad\u00f3k regisztr\u00e1lhatnak a <a href=\"https:\/\/services.amazon.de\/programme\/versand-durch-amazon\/europaeisches-verkaeuferkonto-und-versand-netzwerk.html\" target=\"_blank\" rel=\"noreferrer noopener nofollow\">Pan EU \u00e9rt\u00e9kes\u00edt\u00e9sre<\/a> vagy aktiv\u00e1lhatj\u00e1k ezt az opci\u00f3t a Seller Central be\u00e1ll\u00edt\u00e1saiban. A k\u00e9szlet azt is mutatja, hogy mely term\u00e9kek felelnek meg a paneur\u00f3pai \u00e9rt\u00e9kes\u00edt\u00e9si k\u00f6vetelm\u00e9nyeknek. Legal\u00e1bb egy <strong>akt\u00edv hirdet\u00e9s<\/strong> \u00e9s egy <strong>\u00e9rv\u00e9nyes ASIN<\/strong> sz\u00fcks\u00e9ges ahhoz, hogy a term\u00e9keket nemzetk\u00f6zileg \u00e9rt\u00e9kes\u00edthess\u00e9k az Amazonon.<\/p><p class=\"theme-wp-block gb-responsive-679955-identifier\">A FBA \u00e1ruk k\u00fclf\u00f6ldi rakt\u00e1rba t\u00f6rt\u00e9n\u0151 sz\u00e1ll\u00edt\u00e1s\u00e1val az Amazon \u00e1tveszi a logisztik\u00e1t \u00e9s az \u00fcgyf\u00e9lszolg\u00e1latot. Az e-kereskedelmi \u00f3ri\u00e1s el\u0151rejelzi a v\u00e1rhat\u00f3 megrendel\u00e9seket, \u00e9s ennek alapj\u00e1n d\u00f6nti el, hogy mely term\u00e9kekb\u0151l h\u00e1ny egys\u00e9get t\u00e1rolnak melyik sz\u00e1ll\u00edt\u00f3k\u00f6zpontban. Az elad\u00f3 sz\u00e1m\u00e1ra az el\u0151ny a <strong>sz\u00e1ll\u00edt\u00e1si d\u00edjakban<\/strong> is rejlik, mivel \u00e1ltal\u00e1ban csak <a href=\"https:\/\/sell.amazon.de\/versand-durch-amazon\/europa?ref_=asde_soa_rd&amp;ref_=as_de_fba_uaefn_pricing\" target=\"_blank\" rel=\"noreferrer noopener nofollow\">a helyi postak\u00f6lts\u00e9geket<\/a> kell megfizetni\u00fck, \u00e9s gyors nemzetk\u00f6zi sz\u00e1ll\u00edt\u00e1st is k\u00edn\u00e1lhatnak az Amazon \u00fcgyfeleinek, valamint megkaphatj\u00e1k a v\u00e1gyott Prime log\u00f3t.<\/p><p class=\"theme-wp-block gb-responsive-542563-identifier\">A Merchant \u00e1ltali teljes\u00edt\u00e9s (FBM) szint\u00e9n lehets\u00e9ges az EU-n bel\u00fcl. Ez azonban megn\u00f6vekedett er\u0151fesz\u00edt\u00e9st jelent az elad\u00f3k sz\u00e1m\u00e1ra: nemcsak a megrendel\u00e9s id\u0151ben t\u00f6rt\u00e9n\u0151 teljes\u00edt\u00e9se sz\u00fcks\u00e9ges, hanem az \u00fcgyf\u00e9lszolg\u00e1latot is a megfelel\u0151 helyi nyelven kell biztos\u00edtani, \u00e9s helyi c\u00edm is sz\u00fcks\u00e9ges a visszat\u00e9r\u00e9sekhez. Alternat\u00edv megold\u00e1sk\u00e9nt a visszat\u00e9r\u00e9sek sz\u00e1ll\u00edt\u00e1s\u00e1hoz kapcsol\u00f3d\u00f3 nemzetk\u00f6zi d\u00edjak visszat\u00e9r\u00edt\u00e9se is lehets\u00e9ges.<\/p>\t\t<div  class=\"theme-wp-block theme-block-card-posts gb-responsive-409174-identifier layout-vertical-cards-content\">\n\t\t<div class=\"wrap-inner-blocks\">\n\t\t\t<div class=\"post-card \">\n\t<div class=\"inside-wrap-card\">\n\t\t<div class=\"cover-wrap\">\n\t\t\t\t\t\t\t<a class=\"background-thumbnail has-image\" href=\"https:\/\/www.sellerlogic.com\/hu\/blog\/pan-eu-program-az-amazontol-minden-fontos-informacio-a-szallitasrol-az-eu-ban\/\">\n\t\t\t\t\t<img decoding=\"async\" width=\"405\" height=\"240\" src=\"https:\/\/d2bw95mh2ee04s.cloudfront.net\/prod\/content\/wp-content\/uploads\/2022\/03\/23140412\/pan-eu-amazon-thumbnail.jpg\" class=\"attachment-thumbnail size-thumbnail wp-post-image\" alt=\"pan-eu von amazon vorteile nachteile voraussetzungen\" \/>\t\t\t\t<\/a>\n\t\t\t\t\t<\/div>\n\t\t<div class=\"wrap-content\">\n\t\t\t<div class=\"title\">\n\t\t\t\t<a href=\"https:\/\/www.sellerlogic.com\/hu\/blog\/pan-eu-program-az-amazontol-minden-fontos-informacio-a-szallitasrol-az-eu-ban\/\">Pan-EU program az Amazont\u00f3l: Minden fontos inform\u00e1ci\u00f3 a sz\u00e1ll\u00edt\u00e1sr\u00f3l az EU-ban!<\/a>\n\t\t\t<\/div>\n\t\t\t<div class=\"wrap-excerpt\">A Pan-EU sz\u00e1ll\u00edt\u00e1ssal az Amazon lehet\u0151v\u00e9 teszi, hogy az \u00e1rukat az Eur\u00f3pai Uni\u00f3n bel\u00fcl kedvez\u0151bb FBA sz\u00e1ll\u00edt\u00e1si felt\u00e9telekkel k\u00fcldj\u00e9k \u00e9s t\u00e1rolj\u00e1k. A sz\u00e1ll\u00edt\u00e1si m\u00f3d a hagyom\u00e1nyos FBA program kiterjeszt\u00e9se. De mit is jelent val\u00f3j\u00e1ban a Pan-EU haszn\u00e1lat\u00e1val t\u00f6r&#8230;<\/div>\n\t\t<\/div>\n\t<\/div>\n<\/div>\t\t<\/div>\n\t<\/div>\n<h4 class=\"theme-wp-block wp-block-heading gb-responsive-20070-identifier\" id=\"tab-con-3\">Alternat\u00edv\u00e1k a Pan EU sz\u00e1ll\u00edt\u00e1shoz<\/h4><p class=\"theme-wp-block gb-responsive-952028-identifier\">Akik nemzetk\u00f6zileg szeretn\u00e9nek \u00e9rt\u00e9kes\u00edteni az Amazonon, <strong>m\u00e1s sz\u00e1ll\u00edt\u00e1si lehet\u0151s\u00e9geik<\/strong> is vannak a Pan EU sz\u00e1ll\u00edt\u00e1son k\u00edv\u00fcl, p\u00e9ld\u00e1ul, ha nincs elegend\u0151 megrendel\u00e9si volumen a Pan EU-hoz, vagy ha a k\u00f6lts\u00e9gek \u00e9s az el\u0151ny\u00f6k nem egyens\u00falyozz\u00e1k ki egym\u00e1st.<\/p><div class=\"theme-block-list\"><ul class=\"theme-wp-block wp-block-list gb-responsive-937570-identifier\"><li class=\"theme-wp-block gb-responsive-641908-identifier desktop-bg-style-square xl-bg-style-square lg-bg-style-square md-bg-style-square sm-bg-style-square desktop-gb-has-no-icon xl-gb-has-no-icon lg-gb-has-no-icon md-gb-has-no-icon sm-gb-has-no-icon\"><strong>A Eur\u00f3pai Teljes\u00edt\u00e9si H\u00e1l\u00f3zat (EFN)<\/strong>: Azok, akik az EFN-t v\u00e1lasztj\u00e1k, az \u00e1ltaluk v\u00e1lasztott eur\u00f3pai Amazon logisztikai k\u00f6zpontban t\u00e1rolj\u00e1k az \u00e1rucikkeiket, \u00e9s ezen b\u00e1zisr\u00f3l teljes\u00edtik a megrendel\u00e9seket m\u00e1s eur\u00f3pai piacterekr\u0151l. Az el\u0151ny p\u00e9ld\u00e1ul az, hogy az \u00e1fa sz\u00e1mot csak a t\u00e1rol\u00e1s orsz\u00e1g\u00e1ban kell beszerezni, nem a c\u00e9lorsz\u00e1gban.<\/li><li class=\"theme-wp-block gb-responsive-161042-identifier desktop-bg-style-square xl-bg-style-square lg-bg-style-square md-bg-style-square sm-bg-style-square desktop-gb-has-no-icon xl-gb-has-no-icon lg-gb-has-no-icon md-gb-has-no-icon sm-gb-has-no-icon\"><strong>A K\u00f6z\u00e9p-Eur\u00f3pai Program (CEP)<\/strong>: Ebben a programban az elad\u00f3k nemcsak N\u00e9metorsz\u00e1gban, hanem egy Amazon logisztikai k\u00f6zpontban is t\u00e1rolhatj\u00e1k az \u00e1rucikkeiket Lengyelorsz\u00e1gban vagy Csehorsz\u00e1gban. A sz\u00e1ll\u00edt\u00e1si \u00e9s t\u00e1rol\u00e1si k\u00f6lts\u00e9gek alacsony szintje ezekben az orsz\u00e1gokban k\u00fcl\u00f6n\u00f6sen el\u0151ny\u00f6s.<\/li><li class=\"theme-wp-block gb-responsive-27150-identifier desktop-bg-style-square xl-bg-style-square lg-bg-style-square md-bg-style-square sm-bg-style-square desktop-gb-has-no-icon xl-gb-has-no-icon lg-gb-has-no-icon md-gb-has-no-icon sm-gb-has-no-icon\"><strong>A K\u00e9szlet a Piact\u00e9r Orsz\u00e1g\u00e1ban (MCI)<\/strong>: Ebben az esetben az elad\u00f3k \u00e1rucikkeiket t\u00f6bb eur\u00f3pai teljes\u00edt\u00e9si k\u00f6zpontba k\u00fcldik, \u00e9s onnan teljes\u00edtik a megrendel\u00e9seket. Minden orsz\u00e1gban, ahol az \u00e1ruk t\u00e1rolva vannak, sz\u00fcks\u00e9g lesz \u00e1fa regisztr\u00e1ci\u00f3ra.<\/li><\/ul><\/div><h2 class=\"theme-wp-block wp-block-heading gb-responsive-140356-identifier\">Eur\u00f3pai Terjeszked\u00e9si Program<\/h2><p class=\"theme-wp-block gb-responsive-824418-identifier\">Az Eur\u00f3pai Terjeszked\u00e9si Program, m\u00e1s n\u00e9ven Eur\u00f3pai Terjeszked\u00e9si Gyors\u00edt\u00f3 (EEA), lehet\u0151v\u00e9 kell, hogy tegye a kis- \u00e9s k\u00f6z\u00e9pv\u00e1llalkoz\u00e1sok sz\u00e1m\u00e1ra, hogy n\u00e9h\u00e1ny kattint\u00e1ssal nemzetk\u00f6zileg \u00e9rt\u00e9kes\u00edtsenek.<\/p><p class=\"theme-wp-block gb-responsive-82056-identifier\">A aktiv\u00e1l\u00e1ssal az account regisztr\u00e1ci\u00f3, a term\u00e9kek ford\u00edt\u00e1sa \u00e9s hirdet\u00e9se, a sz\u00e1ll\u00edt\u00e1s, az aj\u00e1nlatok jogosults\u00e1gi ellen\u0151rz\u00e9se \u00e9s a katal\u00f3gus m\u00f3dos\u00edt\u00e1sa mind\u00f6ssze h\u00e1rom napon bel\u00fcl be\u00e1ll\u00edt\u00e1sra ker\u00fcl. A piact\u00e9ri elad\u00f3 tov\u00e1bbra is ellen\u0151rz\u00e9se alatt tartja, hogy csak egy, n\u00e9h\u00e1ny vagy az \u00f6sszes Amazon boltban az EU-n bel\u00fcl k\u00edv\u00e1n-e m\u0171k\u00f6dni.<\/p><p class=\"theme-wp-block gb-responsive-477854-identifier\">Ezenk\u00edv\u00fcl az eszk\u00f6z orsz\u00e1gra vonatkoz\u00f3 aj\u00e1nl\u00e1sokat is ny\u00fajt. \u00d6sszess\u00e9g\u00e9ben ez m\u00e9g egyszer\u0171bb\u00e9 \u00e9s gyorsabb\u00e1 teszi a nemzetk\u00f6zies\u00edt\u00e9st. Azonban az elad\u00f3knak szem el\u0151tt kell tartaniuk, hogy b\u00e1r a piacterek gyorsan aktiv\u00e1lhat\u00f3k, a saj\u00e1t er\u0151forr\u00e1saiknak is l\u00e9p\u00e9st kell tartaniuk.<\/p><div class=\"theme-block-list\"><ul class=\"theme-wp-block wp-block-list desktop-bg-style-square xl-bg-style-square lg-bg-style-square md-bg-style-square sm-bg-style-square desktop-gb-has-no-icon xl-gb-has-no-icon lg-gb-has-no-icon md-gb-has-no-icon sm-gb-has-no-icon gb-responsive-64049-identifier\"><li class=\"theme-wp-block desktop-bg-style-square xl-bg-style-square lg-bg-style-square md-bg-style-square sm-bg-style-square desktop-gb-has-no-icon xl-gb-has-no-icon lg-gb-has-no-icon md-gb-has-no-icon sm-gb-has-no-icon gb-responsive-558886-identifier\">Ez\u00e9rt jobb egy piacteret egyszerre aktiv\u00e1lni, mint mindet egyszerre hozz\u00e1adni. \u00cdgy l\u00e1thatja, hogyan alakulnak az \u00e9rt\u00e9kes\u00edt\u00e9si sz\u00e1mai, \u00e9s hogyan birk\u00f3znak meg az alkalmazottak \u00e9s a logisztika a megn\u00f6vekedett munkaterhel\u00e9ssel.<\/li><li class=\"theme-wp-block desktop-bg-style-square xl-bg-style-square lg-bg-style-square md-bg-style-square sm-bg-style-square desktop-gb-has-no-icon xl-gb-has-no-icon lg-gb-has-no-icon md-gb-has-no-icon sm-gb-has-no-icon gb-responsive-482357-identifier\">Ne feledje, hogy ahol \u00e1rukat t\u00e1rol az Eur\u00f3p\u00e1ban, ott ad\u00f3regisztr\u00e1ci\u00f3ra is sz\u00fcks\u00e9g van.<\/li><li class=\"theme-wp-block desktop-bg-style-square xl-bg-style-square lg-bg-style-square md-bg-style-square sm-bg-style-square desktop-gb-has-no-icon xl-gb-has-no-icon lg-gb-has-no-icon md-gb-has-no-icon sm-gb-has-no-icon gb-responsive-234505-identifier\">N\u00e9h\u00e1ny orsz\u00e1gban, p\u00e9ld\u00e1ul Lengyelorsz\u00e1gban, \u00fagynevezett JPK jelent\u00e9sekre is sz\u00fcks\u00e9g van, amikor az \u00e1rukat ott t\u00e1rolj\u00e1k.<\/li><\/ul><\/div><p class=\"theme-wp-block gb-responsive-933989-identifier\">Az Eur\u00f3pai Terjeszked\u00e9si Gyors\u00edt\u00f3 ingyenes minden professzion\u00e1lis Amazon elad\u00f3 sz\u00e1m\u00e1ra, aki m\u00e1r \u00e9rt\u00e9kes\u00edt valamelyik eur\u00f3pai piact\u00e9ren.<\/p><h2 class=\"theme-wp-block wp-block-heading gb-responsive-639213-identifier\">Helyi ig\u00e9nyek \u00e9s v\u00e1s\u00e1rl\u00f3i elv\u00e1r\u00e1sok a nemzetk\u00f6zi \u00e9rt\u00e9kes\u00edt\u00e9sben<\/h2><div class=\"wp-block-image gb-responsive-296241-identifier desktop-align-center xl-align-center lg-align-center md-align-center sm-align-center\"><figure class=\"theme-wp-block aligncenter size-large\"><img decoding=\"async\" width=\"1680\" height=\"1200\" src=\"https:\/\/d2bw95mh2ee04s.cloudfront.net\/prod\/content\/wp-content\/uploads\/2020\/05\/16081021\/international-verkaufen-amazon-fba.jpg\" alt=\"A nemzetk\u00f6zi \u00e9rt\u00e9kes\u00edt\u00e9s gyakran k\u00f6nnyebb az Amazon FBA-val, mint a saj\u00e1t logisztik\u00e1val.\" class=\"wp-image-83788\" srcset=\"https:\/\/d2bw95mh2ee04s.cloudfront.net\/prod\/content\/wp-content\/uploads\/2020\/05\/16081021\/international-verkaufen-amazon-fba-medium.jpg 407w, https:\/\/d2bw95mh2ee04s.cloudfront.net\/prod\/content\/wp-content\/uploads\/2020\/05\/16081021\/international-verkaufen-amazon-fba-medium-large.jpg 768w, https:\/\/d2bw95mh2ee04s.cloudfront.net\/prod\/content\/wp-content\/uploads\/2020\/05\/16081021\/international-verkaufen-amazon-fba-large.jpg 844w, https:\/\/d2bw95mh2ee04s.cloudfront.net\/prod\/content\/wp-content\/uploads\/2020\/05\/16081021\/international-verkaufen-amazon-fba-huge.jpg 1536w, https:\/\/d2bw95mh2ee04s.cloudfront.net\/prod\/content\/wp-content\/uploads\/2020\/05\/16081021\/international-verkaufen-amazon-fba.jpg 1680w\" sizes=\"(max-width: 1680px) 100vw, 1680px\" \/><\/figure><\/div><p class=\"theme-wp-block gb-responsive-220261-identifier\">Egy sikeres term\u00e9k \u00f6nmag\u00e1ban nem elegend\u0151 a nemzetk\u00f6zi kereskedelemben \u2013 a c\u00e9lzott lokaliz\u00e1ci\u00f3 ugyanolyan fontos. Minden c\u00e9lcsoportnak megvannak a saj\u00e1t elv\u00e1r\u00e1sai, kultur\u00e1lis saj\u00e1toss\u00e1gai \u00e9s preferenci\u00e1i, amelyeket figyelembe kell vennie az Amazon jelenl\u00e9t\u00e9ben, ha magas \u00fcgyf\u00e9lel\u00e9gedetts\u00e9get szeretne el\u00e9rni.<\/p><p class=\"theme-wp-block gb-responsive-412238-identifier\"><strong>Professzion\u00e1lis ford\u00edt\u00e1s a term\u00e9k sz\u00f6vegekr\u0151l \u00e9s egyebekr\u0151l<\/strong><\/p><p class=\"theme-wp-block gb-responsive-52593-identifier\">Az Amazonon val\u00f3 lokaliz\u00e1ci\u00f3 els\u0151 l\u00e9p\u00e9se a term\u00e9k sz\u00f6vegeinek hib\u00e1tlan ford\u00edt\u00e1sa \u2013 a c\u00edmt\u0151l \u00e9s a bullet pointokt\u00f3l kezdve a term\u00e9kle\u00edr\u00e1sig. Ker\u00fclje az automatikus ford\u00edt\u00e1sokat, vagy alaposan ellen\u0151rizze \u0151ket, mivel gyakran nem t\u0171nnek professzion\u00e1lisnak vagy f\u00e9lrevezet\u0151ek. Anyanyelvi ford\u00edt\u00f3k, akik rendelkeznek e-kereskedelmi tapasztalattal, nemcsak helyesen tudj\u00e1k \u00e1tadni a tartalm\u00e1t, hanem kultur\u00e1lisan is alkalmazni tudj\u00e1k azt \u2013 bele\u00e9rtve a t\u00f3nust, a st\u00edlust \u00e9s a kulcssz\u00f3v\u00e1laszt\u00e1st.<\/p><p class=\"theme-wp-block gb-responsive-210343-identifier\"><strong>Testreszabott \u00e1rak, valut\u00e1k \u00e9s fizet\u00e9si m\u00f3dok<\/strong><\/p><p class=\"theme-wp-block gb-responsive-783156-identifier\">Ami N\u00e9metorsz\u00e1gban tisztess\u00e9ges \u00e1rnak sz\u00e1m\u00edt, azt az Egyes\u00fclt Kir\u00e1lys\u00e1gban vagy Kanad\u00e1ban eg\u00e9szen m\u00e1sk\u00e9nt \u00e9rz\u00e9kelhetik. Vegye figyelembe a helyi \u00e1rk\u00e9pz\u00e9si strukt\u00far\u00e1kat, \u00e9s gy\u0151z\u0151dj\u00f6n meg arr\u00f3l, hogy aj\u00e1nlatai a megfelel\u0151 helyi valut\u00e1ban jelennek meg. A prefer\u00e1lt fizet\u00e9si m\u00f3dok \u2013 mint p\u00e9ld\u00e1ul a hitelk\u00e1rtya, sz\u00e1mla, k\u00f6zvetlen terhel\u00e9s vagy digit\u00e1lis p\u00e9nzt\u00e1rc\u00e1k \u2013 szint\u00e9n elt\u00e9rnek a piacokt\u00f3l f\u00fcgg\u0151en.<\/p><p class=\"theme-wp-block gb-responsive-917122-identifier\"><strong>V\u00e1s\u00e1rl\u00f3i elv\u00e1r\u00e1sok a szolg\u00e1ltat\u00e1ssal \u00e9s a sz\u00e1ll\u00edt\u00e1ssal kapcsolatban<\/strong><\/p><p class=\"theme-wp-block gb-responsive-196693-identifier\">Az Egyes\u00fclt \u00c1llamokban a v\u00e1s\u00e1rl\u00f3k gyakran 24\/7 \u00fcgyf\u00e9lszolg\u00e1latot v\u00e1rnak el \u2013 anyanyelv\u00fck\u00f6n \u00e9s gyors v\u00e1laszid\u0151vel. Franciaorsz\u00e1gban vagy Spanyolorsz\u00e1gban a v\u00e1s\u00e1rl\u00f3k k\u00fcl\u00f6n\u00f6sen fontosnak tartj\u00e1k a r\u00e9szletes term\u00e9kinform\u00e1ci\u00f3kat \u00e9s a vil\u00e1gos visszat\u00e9r\u00e9si politik\u00e1t. Gy\u0151z\u0151dj\u00f6n meg arr\u00f3l, hogy kifejezetten megfelel ezeknek az elv\u00e1r\u00e1soknak \u2013 p\u00e9ld\u00e1ul helyi t\u00e1mogat\u00e1ssal vagy olyan teljes\u00edt\u00e9si szolg\u00e1ltat\u00e1s ig\u00e9nybev\u00e9tel\u00e9vel, amely egyszer\u0171s\u00edti a visszat\u00e9r\u00e9seket.<\/p><p class=\"theme-wp-block gb-responsive-501504-identifier\"><strong>Vegye figyelembe a kultur\u00e1lis saj\u00e1toss\u00e1gokat az \u00e9rt\u00e9kes\u00edt\u00e9s sor\u00e1n<\/strong><\/p><p class=\"theme-wp-block gb-responsive-789911-identifier\">A vizu\u00e1lis elemeket, mint p\u00e9ld\u00e1ul a term\u00e9kk\u00e9pek vagy a marketing sz\u00f6vegek, szint\u00e9n a kultur\u00e1lis kontextushoz kell igaz\u00edtani. Egy p\u00e9lda: m\u00edg N\u00e9metorsz\u00e1gban a t\u00e1rgyilagos inform\u00e1ci\u00f3kat \u00e9rt\u00e9kelik, Olaszorsz\u00e1gban vagy az Egyes\u00fclt \u00c1llamokban az \u00e9rzelmes sz\u00f6vegek gyakran jobban m\u0171k\u00f6dnek. Azok, akik itt helyben gondolkodnak, nemcsak a konverzi\u00f3s ar\u00e1nyt er\u0151s\u00edtik \u2013 hanem a m\u00e1rk\u00e1ba vetett bizalmat is.<\/p><h2 class=\"theme-wp-block wp-block-heading gb-responsive-536670-identifier\" id=\"tab-con-4\">A ford\u00edtott ir\u00e1ny: Nincs sz\u00fcks\u00e9g k\u00fclf\u00f6ldi sz\u00e1ll\u00edt\u00e1sra<\/h2><p class=\"theme-wp-block gb-responsive-16845-identifier\">El\u0151fordulhat, hogy az Amazonon a keresked\u0151k m\u00e1r nem akarnak nemzetk\u00f6zileg \u00e9rt\u00e9kes\u00edteni. A keresked\u0151k b\u00e1rmikor deaktiv\u00e1lhatj\u00e1k a funkci\u00f3t. Sz\u00e1mos ok van, p\u00e9ld\u00e1ul egy rendk\u00edv\u00fcl magas rendel\u00e9si volumen, nagyon magas er\u0151fesz\u00edt\u00e9s, vagy probl\u00e9m\u00e1k az \u00c1FA-regisztr\u00e1ci\u00f3val.<\/p><p class=\"theme-wp-block gb-responsive-861175-identifier\">El\u0151sz\u00f6r is, a m\u00e1s piacokon l\u00e9v\u0151 hirdet\u00e9seket deaktiv\u00e1lni kell, ami \u00e1ltal\u00e1ban a Seller Centralon kereszt\u00fcl lehets\u00e9ges a <strong>&#8220;K\u00e9szlet&#8221; <\/strong> men\u00fcpont alatt \u2192 &#8220;Glob\u00e1lisan \u00e9rt\u00e9kes\u00edt\u00e9s&#8221;. Itt egyedi piacok deaktiv\u00e1lhat\u00f3k, csak az Amazon.de maradva.<\/p><p class=\"theme-wp-block gb-responsive-645720-identifier\">M\u00e1sodszor, a keresked\u0151k <strong>kiz\u00e1rhatj\u00e1k a nemzetk\u00f6zi sz\u00e1ll\u00edt\u00e1st<\/strong> is, p\u00e9ld\u00e1ul az Amazon.de-r\u0151l Franciaorsz\u00e1gba vagy Spanyolorsz\u00e1gba \u00e9rkez\u0151 rendel\u00e9sek eset\u00e9n. Ez a sz\u00e1ll\u00edt\u00e1si be\u00e1ll\u00edt\u00e1sokban lehets\u00e9ges. Ekkor a k\u00fclf\u00f6ldi v\u00e1s\u00e1rl\u00f3k m\u00e1r nem tudj\u00e1k megv\u00e1s\u00e1rolni a keresked\u0151 term\u00e9keit az Amazon.de-n kereszt\u00fcl.<\/p><p class=\"theme-wp-block gb-responsive-588505-identifier\">Akik csak bizonyos term\u00e9kkateg\u00f3ri\u00e1kat vagy <strong>egyedi Amazon term\u00e9keket<\/strong> akarnak kiz\u00e1rni a nemzetk\u00f6zi \u00e9rt\u00e9kes\u00edt\u00e9sb\u0151l, azokat az FBA be\u00e1ll\u00edt\u00e1sokban kiz\u00e1rhatj\u00e1k: Fulfilled by Amazon \u2192 Be\u00e1ll\u00edt\u00e1sok \u2192 Sz\u00e1ll\u00edt\u00e1si programok \u00e9s exportbe\u00e1ll\u00edt\u00e1sok \u2192 Term\u00e9kek kiz\u00e1r\u00e1sa.<\/p><h2 class=\"theme-wp-block wp-block-heading gb-responsive-289356-identifier\" id=\"tab-con-5\">K\u00f6vetkeztet\u00e9s: Viszonylag k\u00f6nnyen megval\u00f3s\u00edthat\u00f3<\/h2><div class=\"wp-block-image gb-responsive-477778-identifier\"><figure class=\"theme-wp-block aligncenter size-large is-resized\"><img decoding=\"async\" width=\"844\" height=\"362\" src=\"https:\/\/d2bw95mh2ee04s.cloudfront.net\/prod\/content\/wp-content\/uploads\/2020\/05\/23142038\/amazon-fba-international-verkaufen.jpeg\" alt=\"A nemzetk\u00f6zi \u00e9rt\u00e9kes\u00edt\u00e9s az Amazon FBA-n kereszt\u00fcl soha nem volt k\u00f6nnyebb.\" class=\"wp-image-1539\" style=\"width:844px;height:362px\" title=\"A nemzetk\u00f6zi \u00e9rt\u00e9kes\u00edt\u00e9s az Amazon FBA-n kereszt\u00fcl soha nem volt k\u00f6nnyebb.\" srcset=\"https:\/\/d2bw95mh2ee04s.cloudfront.net\/prod\/content\/wp-content\/uploads\/2020\/05\/23142038\/amazon-fba-international-verkaufen-407x175.jpeg 407w, https:\/\/d2bw95mh2ee04s.cloudfront.net\/prod\/content\/wp-content\/uploads\/2020\/05\/23142038\/amazon-fba-international-verkaufen-768x329.jpeg 768w, https:\/\/d2bw95mh2ee04s.cloudfront.net\/prod\/content\/wp-content\/uploads\/2020\/05\/23142038\/amazon-fba-international-verkaufen.jpeg 844w\" sizes=\"(max-width: 844px) 100vw, 844px\" \/><\/figure><\/div><p class=\"theme-wp-block gb-responsive-890229-identifier\">A nemzetk\u00f6zi \u00e9rt\u00e9kes\u00edt\u00e9s az Amazonon viszonylag k\u00f6nny\u0171. Ez nem meglep\u0151: Min\u00e9l nagyobb az Amazon, ann\u00e1l t\u00f6bb bev\u00e9telt hoz az online \u00f3ri\u00e1snak, \u00e9s sok v\u00e1s\u00e1rl\u00f3t nem zavar, hogy nemzetk\u00f6zi \u00e1rukat v\u00e1s\u00e1roljanak az Amazonon kereszt\u00fcl.<\/p><p class=\"theme-wp-block gb-responsive-268889-identifier\">K\u00fcl\u00f6n\u00f6sen az FBA-n kereszt\u00fcli sz\u00e1ll\u00edt\u00e1s a Pan-EU program r\u00e9szek\u00e9nt vagy m\u00e1s szolg\u00e1ltat\u00e1s keret\u00e9ben gyorsan megval\u00f3s\u00edthat\u00f3 a keresked\u0151k sz\u00e1m\u00e1ra, \u00e9s egyszerre megnyitja az eur\u00f3pai Amazon univerzumban Spanyolorsz\u00e1got, Franciaorsz\u00e1got, Olaszorsz\u00e1got \u00e9s \u00edgy tov\u00e1bb.<\/p><p class=\"theme-wp-block gb-responsive-417112-identifier\">Mindazon\u00e1ltal a neh\u00e9zs\u00e9geket nem szabad al\u00e1becs\u00fclni, k\u00fcl\u00f6n\u00f6sen, ha a keresked\u0151k harmadik orsz\u00e1gokba k\u00edv\u00e1nnak sz\u00e1ll\u00edtani az Eur\u00f3pai Uni\u00f3n k\u00edv\u00fcl. Itt egy megfelel\u0151 szakter\u00fcleti \u00fcgyv\u00e9d seg\u00edts\u00e9ge er\u0151sen aj\u00e1nlott, mivel sokkal nagyobb jogi elt\u00e9r\u00e9seket kell kezelni a nemzetk\u00f6zi \u00e9rt\u00e9kes\u00edt\u00e9shez az Amazonon kereszt\u00fcl.<\/p>\t\t<div  class=\"theme-wp-block theme-block-card-posts gb-responsive-422332-identifier layout-vertical-cards-content\">\n\t\t<div class=\"wrap-inner-blocks\">\n\t\t\t<div class=\"post-card \">\n\t<div class=\"inside-wrap-card\">\n\t\t<div class=\"cover-wrap\">\n\t\t\t\t\t\t\t<a class=\"background-thumbnail has-image\" href=\"https:\/\/www.sellerlogic.com\/hu\/blog\/hogyan-hogyan-hasznalja-sikeresen-az-amazont-a-nemzetkozi-terjeszkedeshez\/\">\n\t\t\t\t\t<img decoding=\"async\" width=\"405\" height=\"240\" src=\"https:\/\/d2bw95mh2ee04s.cloudfront.net\/prod\/content\/wp-content\/uploads\/2021\/06\/23140805\/international_business-thumbnail.jpeg\" class=\"attachment-thumbnail size-thumbnail wp-post-image\" alt=\"International expandieren ist mit Amazon m\u00f6glich\" \/>\t\t\t\t<\/a>\n\t\t\t\t\t<\/div>\n\t\t<div class=\"wrap-content\">\n\t\t\t<div class=\"title\">\n\t\t\t\t<a href=\"https:\/\/www.sellerlogic.com\/hu\/blog\/hogyan-hogyan-hasznalja-sikeresen-az-amazont-a-nemzetkozi-terjeszkedeshez\/\">Hogyan: Hogyan haszn\u00e1lja sikeresen az Amazont a nemzetk\u00f6zi terjeszked\u00e9shez!<\/a>\n\t\t\t<\/div>\n\t\t\t<div class=\"wrap-excerpt\">K\u00f6sz\u00f6nhet\u0151en az e-kereskedelemnek, a vil\u00e1g egyre k\u00f6zelebb ker\u00fcl egym\u00e1shoz: a keresked\u0151k \u00e9s a v\u00e1s\u00e1rl\u00f3k most m\u00e1r \u00e9pp\u00fagy lehetnek k\u00f6zvetlen szomsz\u00e9dok, mint ahogy a vil\u00e1g m\u00e1sik v\u00e9g\u00e9n l\u00e9v\u0151 v\u00e1rosokban is. Az Amazon keresked\u0151inek k\u00fcl\u00f6n\u00f6sen k\u00f6nny\u0171 a nemzetk\u00f6zi \u00e9rt\u00e9kes\u00edt\u00e9s. Olvassa el itt a legjobb 8 t\u00e9vhitet a nemzetk\u00f6zi sz\u00e1ll\u00edt\u00e1sr\u00f3l az Amazonnal!<\/div>\n\t\t<\/div>\n\t<\/div>\n<\/div>\t\t<\/div>\n\t<\/div>\n<h3 class=\"theme-wp-block wp-block-heading gb-responsive-522045-identifier\">Gyakran feltett k\u00e9rd\u00e9sek<\/h3><div class=\"theme-wp-block schema-faq wp-block-yoast-faq-block\"><div class=\"schema-faq-section\" id=\"faq-question-1744791131483\"><strong class=\"schema-faq-question\"><strong>Mit sz\u00fcks\u00e9ges tennem a nemzetk\u00f6zi \u00e9rt\u00e9kes\u00edt\u00e9shez az Amazonon?<\/strong><\/strong> <p class=\"schema-faq-answer\">A nemzetk\u00f6zi \u00e9rt\u00e9kes\u00edt\u00e9shez az Amazonon sz\u00fcks\u00e9ge van egy aktiv\u00e1lt elad\u00f3i fi\u00f3kra, egy vil\u00e1gos logisztikai strat\u00e9gi\u00e1ra, esetleg ad\u00f3regisztr\u00e1ci\u00f3kra a c\u00e9lorsz\u00e1gban, \u00e9s lokaliz\u00e1lt term\u00e9klist\u00e1kra. Az Amazon ilyen c\u00e9lokra olyan programokat k\u00edn\u00e1l, mint a Global Selling \u00e9s az FBA.<\/p> <\/div><div class=\"schema-faq-section\" id=\"faq-question-1744791156693\"><strong class=\"schema-faq-question\"><strong>Mely orsz\u00e1gokban \u00e9rt\u00e9kes\u00edthetek az Amazon Global Selling seg\u00edts\u00e9g\u00e9vel?<\/strong><\/strong> <p class=\"schema-faq-answer\">Az Amazon Global Selling seg\u00edts\u00e9g\u00e9vel t\u00f6bb mint 20 orsz\u00e1gban \u00e9rt\u00e9kes\u00edthet, bele\u00e9rtve az Egyes\u00fclt \u00c1llamokat, Kanad\u00e1t, az Egyes\u00fclt Kir\u00e1lys\u00e1got, N\u00e9metorsz\u00e1got, Franciaorsz\u00e1got, Spanyolorsz\u00e1got, Olaszorsz\u00e1got, Jap\u00e1nt \u00e9s Ausztr\u00e1li\u00e1t. A megfelel\u0151 piac kiv\u00e1laszt\u00e1sa a term\u00e9k\u00e9t\u0151l \u00e9s a c\u00e9lk\u00f6z\u00f6ns\u00e9gt\u0151l f\u00fcgg.<\/p> <\/div><div class=\"schema-faq-section\" id=\"faq-question-1744791179432\"><strong class=\"schema-faq-question\"><strong>Sz\u00fcks\u00e9ges regisztr\u00e1lnom az \u00c1FA-t k\u00fclf\u00f6ld\u00f6n?<\/strong><\/strong> <p class=\"schema-faq-answer\">Igen, sok esetben. Ha \u00e1rukat t\u00e1rol k\u00fclf\u00f6ld\u00f6n vagy meghaladja a sz\u00e1ll\u00edt\u00e1si k\u00fcsz\u00f6b\u00f6t, akkor az adott orsz\u00e1gban sz\u00fcks\u00e9ges az \u00c1FA-regisztr\u00e1ci\u00f3. Az EU-n bel\u00fcl az OSS elj\u00e1r\u00e1s k\u00f6zponti megold\u00e1s lehet \u2013 de nem az FBA k\u00fclf\u00f6ldi t\u00e1rol\u00e1s\u00e1ra.<\/p> <\/div><div class=\"schema-faq-section\" id=\"faq-question-1744791201276\"><strong class=\"schema-faq-question\"><strong>Hogyan m\u0171k\u00f6dik a k\u00fclf\u00f6ldi sz\u00e1ll\u00edt\u00e1s az Amazon FBA-val?<\/strong><\/strong> <p class=\"schema-faq-answer\">Az Amazon FBA-val a term\u00e9keit egy Amazon rakt\u00e1rba k\u00fcldi a c\u00e9lorsz\u00e1gban. Az Amazon ezut\u00e1n gondoskodik az eg\u00e9sz logisztik\u00e1r\u00f3l, bele\u00e9rtve a sz\u00e1ll\u00edt\u00e1st, a visszak\u00fcld\u00e9seket \u00e9s az \u00fcgyf\u00e9lszolg\u00e1latot. Ez jelent\u0151sen egyszer\u0171s\u00edti a bel\u00e9p\u00e9si folyamatot, de ad\u00f3- \u00e9s jogi el\u0151k\u00e9sz\u00fcleteket ig\u00e9nyel.<\/p> <\/div><div class=\"schema-faq-section\" id=\"faq-question-1744791224711\"><strong class=\"schema-faq-question\"><strong>Mennyire fontos a term\u00e9klist\u00e1k lokaliz\u00e1l\u00e1sa a nemzetk\u00f6zi Amazon piacokon?<\/strong><\/strong> <p class=\"schema-faq-answer\">Nagyon fontos. A professzion\u00e1lisan leford\u00edtott sz\u00f6vegek, az orsz\u00e1gra jellemz\u0151 fizet\u00e9si m\u00f3dok, a m\u00f3dos\u00edtott \u00e1rak \u00e9s a helyi \u00fcgyf\u00e9lszolg\u00e1lat kulcsfontoss\u00e1g\u00faak a k\u00fclf\u00f6ldi sikerhez. A lokaliz\u00e1l\u00e1s nemcsak a konverzi\u00f3s ar\u00e1nyt n\u00f6veli, hanem er\u0151s\u00edti a v\u00e1s\u00e1rl\u00f3i bizalmat is.<\/p> <\/div><\/div><p class=\"theme-wp-block gb-responsive-612708-identifier has-small-font-size\">K\u00e9pj\u00f3v\u00e1\u00edr\u00e1sok a k\u00e9pek sorrendj\u00e9ben: \u00a9 william william \u2013 unsplash.com \/ \u00a9 Valentin Antonucci \u2013 pexels.com \/ \u00a9 Igor Miske \u2013 unsplash.com \/ \u00a9 Adrian Sulyok \u2013 unsplash.com \/ \u00a9 UX Indonesia \/ \u00a9 Salih \u2013 stock.adobe.com<\/p>","protected":false},"excerpt":{"rendered":"<p>Val\u00f3j\u00e1ban nincs ok arra, hogy az Amazon elad\u00f3i ne \u00e9rt\u00e9kes\u00edts\u00e9k term\u00e9keiket nemzetk\u00f6zileg. Tal\u00e1n csak: a b\u00fcrokr\u00e1cia. Azonban az e-kereskedelmi \u00f3ri\u00e1s pr\u00f3b\u00e1lja ezt enyh\u00edteni azzal, hogy a lehet\u0151 legegyszer\u0171bb\u00e9 teszi a platformj\u00e1n m\u0171k\u00f6d\u0151 c\u00e9gek sz\u00e1m\u00e1ra a nemzetk\u00f6zi tranzakci\u00f3k lebonyol\u00edt\u00e1s\u00e1t \u2013 k\u00fcl\u00f6n\u00f6sen az eur\u00f3pai szinten. K\u00fcl\u00f6n\u00f6sen a kereskedelmi \u00e1ruk elad\u00f3i sz\u00e1m\u00e1ra, akik az Fulfillment by Amazon (FBA)<\/p>\n","protected":false},"author":3,"featured_media":83728,"comment_status":"closed","ping_status":"closed","sticky":false,"template":"","format":"standard","meta":{"sidebar_recommended_resources":{"data":[]},"sidebar_header_settings":{"hide_buttons":{"register":false}},"_use_new_theme":false,"inline_featured_image":false,"footnotes":""},"categories":[1221,1227],"tags":[],"class_list":["post-224994","post","type-post","status-publish","format-standard","has-post-thumbnail","hentry","category-eladas-az-amazonon","category-tippek-es-trukkok"],"yoast_head":"<!-- This site is optimized with the Yoast SEO plugin v26.8 - https:\/\/yoast.com\/product\/yoast-seo-wordpress\/ -->\n<title>Nemzetk\u00f6zi \u00e9rt\u00e9kes\u00edt\u00e9s az Amazonon: A hat\u00e1rokon \u00e1tny\u00fal\u00f3 e-kereskedelem sikeres elsaj\u00e1t\u00edt\u00e1sa<\/title>\n<meta name=\"description\" content=\"Hogyan lehet sikeresen \u00e9rt\u00e9kes\u00edteni az Amazonon vil\u00e1gszerte: V\u00e1mok, ad\u00f3k, sz\u00e1ll\u00edt\u00e1s \u00e9s jogi k\u00f6telezetts\u00e9gek a hat\u00e1rokon \u00e1tny\u00fal\u00f3 kereskedelemben egyszer\u0171en elmagyar\u00e1zva.\" \/>\n<meta name=\"robots\" content=\"index, follow, max-snippet:-1, max-image-preview:large, max-video-preview:-1\" \/>\n<link rel=\"canonical\" href=\"https:\/\/www.sellerlogic.com\/hu\/blog\/hatarokon-atnyulo-e-kereskedelem-az-amazonnal-hogyan-lehet-sikeres-a-nemzetkozi-ertekesitesben\/\" \/>\n<meta property=\"og:locale\" content=\"hu_HU\" \/>\n<meta property=\"og:type\" content=\"article\" \/>\n<meta property=\"og:title\" content=\"Nemzetk\u00f6zi \u00e9rt\u00e9kes\u00edt\u00e9s az Amazonon: A hat\u00e1rokon \u00e1tny\u00fal\u00f3 e-kereskedelem sikeres elsaj\u00e1t\u00edt\u00e1sa\" \/>\n<meta property=\"og:description\" content=\"Hogyan lehet sikeresen \u00e9rt\u00e9kes\u00edteni az Amazonon vil\u00e1gszerte: V\u00e1mok, ad\u00f3k, sz\u00e1ll\u00edt\u00e1s \u00e9s jogi k\u00f6telezetts\u00e9gek a hat\u00e1rokon \u00e1tny\u00fal\u00f3 kereskedelemben egyszer\u0171en elmagyar\u00e1zva.\" \/>\n<meta property=\"og:url\" content=\"https:\/\/www.sellerlogic.com\/hu\/blog\/hatarokon-atnyulo-e-kereskedelem-az-amazonnal-hogyan-lehet-sikeres-a-nemzetkozi-ertekesitesben\/\" \/>\n<meta property=\"og:site_name\" content=\"SELLERLOGIC - Smarte Tools f\u00fcr Amazon-Seller\" \/>\n<meta property=\"article:publisher\" content=\"https:\/\/www.facebook.com\/SellerLogic\/\" \/>\n<meta property=\"article:published_time\" content=\"2020-05-14T15:22:00+00:00\" \/>\n<meta property=\"og:image\" content=\"https:\/\/d2bw95mh2ee04s.cloudfront.net\/prod\/content\/wp-content\/uploads\/2020\/05\/15150227\/international-verkaufen-auf-amazon.jpg\" \/>\n\t<meta property=\"og:image:width\" content=\"1680\" \/>\n\t<meta property=\"og:image:height\" content=\"1200\" \/>\n\t<meta property=\"og:image:type\" content=\"image\/jpeg\" \/>\n<meta name=\"author\" content=\"Robin Bals\" \/>\n<meta name=\"twitter:card\" content=\"summary_large_image\" \/>\n<meta name=\"twitter:creator\" content=\"@sellerlogic\" \/>\n<meta name=\"twitter:site\" content=\"@sellerlogic\" \/>\n<meta name=\"twitter:label1\" content=\"Written by\" \/>\n\t<meta name=\"twitter:data1\" content=\"Robin Bals\" \/>\n\t<meta name=\"twitter:label2\" content=\"Est. reading time\" \/>\n\t<meta name=\"twitter:data2\" content=\"17 minutes\" \/>\n<script type=\"application\/ld+json\" class=\"yoast-schema-graph\">{\"@context\":\"https:\/\/schema.org\",\"@graph\":[{\"@type\":\"Article\",\"@id\":\"https:\/\/www.sellerlogic.com\/hu\/blog\/hatarokon-atnyulo-e-kereskedelem-az-amazonnal-hogyan-lehet-sikeres-a-nemzetkozi-ertekesitesben\/#article\",\"isPartOf\":{\"@id\":\"https:\/\/www.sellerlogic.com\/hu\/blog\/hatarokon-atnyulo-e-kereskedelem-az-amazonnal-hogyan-lehet-sikeres-a-nemzetkozi-ertekesitesben\/\"},\"author\":{\"name\":\"Robin Bals\",\"@id\":\"https:\/\/www.sellerlogic.com\/hu\/#\/schema\/person\/a05487915912c5ddeb279af2540bd467\"},\"headline\":\"Hat\u00e1rokon \u00c1tny\u00fal\u00f3 E-kereskedelem az Amazonnal: Hogyan lehet sikeres a nemzetk\u00f6zi \u00e9rt\u00e9kes\u00edt\u00e9sben\",\"datePublished\":\"2020-05-14T15:22:00+00:00\",\"mainEntityOfPage\":{\"@id\":\"https:\/\/www.sellerlogic.com\/hu\/blog\/hatarokon-atnyulo-e-kereskedelem-az-amazonnal-hogyan-lehet-sikeres-a-nemzetkozi-ertekesitesben\/\"},\"wordCount\":5671,\"publisher\":{\"@id\":\"https:\/\/www.sellerlogic.com\/hu\/#organization\"},\"image\":{\"@id\":\"https:\/\/www.sellerlogic.com\/hu\/blog\/hatarokon-atnyulo-e-kereskedelem-az-amazonnal-hogyan-lehet-sikeres-a-nemzetkozi-ertekesitesben\/#primaryimage\"},\"thumbnailUrl\":\"https:\/\/d2bw95mh2ee04s.cloudfront.net\/prod\/content\/wp-content\/uploads\/2020\/05\/15150227\/international-verkaufen-auf-amazon.jpg\",\"articleSection\":[\"Elad\u00e1s az Amazonon\",\"Tippek \u00e9s Tr\u00fckk\u00f6k\"],\"inLanguage\":\"hu-HU\"},{\"@type\":[\"WebPage\",\"FAQPage\"],\"@id\":\"https:\/\/www.sellerlogic.com\/hu\/blog\/hatarokon-atnyulo-e-kereskedelem-az-amazonnal-hogyan-lehet-sikeres-a-nemzetkozi-ertekesitesben\/\",\"url\":\"https:\/\/www.sellerlogic.com\/hu\/blog\/hatarokon-atnyulo-e-kereskedelem-az-amazonnal-hogyan-lehet-sikeres-a-nemzetkozi-ertekesitesben\/\",\"name\":\"Nemzetk\u00f6zi \u00e9rt\u00e9kes\u00edt\u00e9s az Amazonon: A hat\u00e1rokon \u00e1tny\u00fal\u00f3 e-kereskedelem sikeres elsaj\u00e1t\u00edt\u00e1sa\",\"isPartOf\":{\"@id\":\"https:\/\/www.sellerlogic.com\/hu\/#website\"},\"primaryImageOfPage\":{\"@id\":\"https:\/\/www.sellerlogic.com\/hu\/blog\/hatarokon-atnyulo-e-kereskedelem-az-amazonnal-hogyan-lehet-sikeres-a-nemzetkozi-ertekesitesben\/#primaryimage\"},\"image\":{\"@id\":\"https:\/\/www.sellerlogic.com\/hu\/blog\/hatarokon-atnyulo-e-kereskedelem-az-amazonnal-hogyan-lehet-sikeres-a-nemzetkozi-ertekesitesben\/#primaryimage\"},\"thumbnailUrl\":\"https:\/\/d2bw95mh2ee04s.cloudfront.net\/prod\/content\/wp-content\/uploads\/2020\/05\/15150227\/international-verkaufen-auf-amazon.jpg\",\"datePublished\":\"2020-05-14T15:22:00+00:00\",\"description\":\"Hogyan lehet sikeresen \u00e9rt\u00e9kes\u00edteni az Amazonon vil\u00e1gszerte: V\u00e1mok, ad\u00f3k, sz\u00e1ll\u00edt\u00e1s \u00e9s jogi k\u00f6telezetts\u00e9gek a hat\u00e1rokon \u00e1tny\u00fal\u00f3 kereskedelemben egyszer\u0171en elmagyar\u00e1zva.\",\"breadcrumb\":{\"@id\":\"https:\/\/www.sellerlogic.com\/hu\/blog\/hatarokon-atnyulo-e-kereskedelem-az-amazonnal-hogyan-lehet-sikeres-a-nemzetkozi-ertekesitesben\/#breadcrumb\"},\"mainEntity\":[{\"@id\":\"https:\/\/www.sellerlogic.com\/hu\/blog\/hatarokon-atnyulo-e-kereskedelem-az-amazonnal-hogyan-lehet-sikeres-a-nemzetkozi-ertekesitesben\/#faq-question-1744791131483\"},{\"@id\":\"https:\/\/www.sellerlogic.com\/hu\/blog\/hatarokon-atnyulo-e-kereskedelem-az-amazonnal-hogyan-lehet-sikeres-a-nemzetkozi-ertekesitesben\/#faq-question-1744791156693\"},{\"@id\":\"https:\/\/www.sellerlogic.com\/hu\/blog\/hatarokon-atnyulo-e-kereskedelem-az-amazonnal-hogyan-lehet-sikeres-a-nemzetkozi-ertekesitesben\/#faq-question-1744791179432\"},{\"@id\":\"https:\/\/www.sellerlogic.com\/hu\/blog\/hatarokon-atnyulo-e-kereskedelem-az-amazonnal-hogyan-lehet-sikeres-a-nemzetkozi-ertekesitesben\/#faq-question-1744791201276\"},{\"@id\":\"https:\/\/www.sellerlogic.com\/hu\/blog\/hatarokon-atnyulo-e-kereskedelem-az-amazonnal-hogyan-lehet-sikeres-a-nemzetkozi-ertekesitesben\/#faq-question-1744791224711\"}],\"inLanguage\":\"hu-HU\",\"potentialAction\":[{\"@type\":\"ReadAction\",\"target\":[\"https:\/\/www.sellerlogic.com\/hu\/blog\/hatarokon-atnyulo-e-kereskedelem-az-amazonnal-hogyan-lehet-sikeres-a-nemzetkozi-ertekesitesben\/\"]}]},{\"@type\":\"ImageObject\",\"inLanguage\":\"hu-HU\",\"@id\":\"https:\/\/www.sellerlogic.com\/hu\/blog\/hatarokon-atnyulo-e-kereskedelem-az-amazonnal-hogyan-lehet-sikeres-a-nemzetkozi-ertekesitesben\/#primaryimage\",\"url\":\"https:\/\/d2bw95mh2ee04s.cloudfront.net\/prod\/content\/wp-content\/uploads\/2020\/05\/15150227\/international-verkaufen-auf-amazon.jpg\",\"contentUrl\":\"https:\/\/d2bw95mh2ee04s.cloudfront.net\/prod\/content\/wp-content\/uploads\/2020\/05\/15150227\/international-verkaufen-auf-amazon.jpg\",\"width\":1680,\"height\":1200,\"caption\":\"International verkaufen auf Amazon \u2013 Cross-Border E-Commerce f\u00fcr Einsteiger.\"},{\"@type\":\"BreadcrumbList\",\"@id\":\"https:\/\/www.sellerlogic.com\/hu\/blog\/hatarokon-atnyulo-e-kereskedelem-az-amazonnal-hogyan-lehet-sikeres-a-nemzetkozi-ertekesitesben\/#breadcrumb\",\"itemListElement\":[{\"@type\":\"ListItem\",\"position\":1,\"name\":\"Home\",\"item\":\"https:\/\/www.sellerlogic.com\/hu\/\"},{\"@type\":\"ListItem\",\"position\":2,\"name\":\"Elad\u00e1s az Amazonon\",\"item\":\"https:\/\/www.sellerlogic.com\/hu\/blog\/category\/eladas-az-amazonon\/\"},{\"@type\":\"ListItem\",\"position\":3,\"name\":\"Hat\u00e1rokon \u00c1tny\u00fal\u00f3 E-kereskedelem az Amazonnal: Hogyan lehet sikeres a nemzetk\u00f6zi \u00e9rt\u00e9kes\u00edt\u00e9sben\"}]},{\"@type\":\"WebSite\",\"@id\":\"https:\/\/www.sellerlogic.com\/hu\/#website\",\"url\":\"https:\/\/www.sellerlogic.com\/hu\/\",\"name\":\"SELLERLOGIC - Smarte Tools f\u00fcr Amazon-Seller\",\"description\":\"Intelligente Prozessoptimierung und Gewinnmaximierung\",\"publisher\":{\"@id\":\"https:\/\/www.sellerlogic.com\/hu\/#organization\"},\"potentialAction\":[{\"@type\":\"SearchAction\",\"target\":{\"@type\":\"EntryPoint\",\"urlTemplate\":\"https:\/\/www.sellerlogic.com\/hu\/?s={search_term_string}\"},\"query-input\":{\"@type\":\"PropertyValueSpecification\",\"valueRequired\":true,\"valueName\":\"search_term_string\"}}],\"inLanguage\":\"hu-HU\"},{\"@type\":\"Organization\",\"@id\":\"https:\/\/www.sellerlogic.com\/hu\/#organization\",\"name\":\"SELLERLOGIC\",\"url\":\"https:\/\/www.sellerlogic.com\/hu\/\",\"logo\":{\"@type\":\"ImageObject\",\"inLanguage\":\"hu-HU\",\"@id\":\"https:\/\/www.sellerlogic.com\/hu\/#\/schema\/logo\/image\/\",\"url\":\"https:\/\/d2bw95mh2ee04s.cloudfront.net\/prod\/content\/wp-content\/uploads\/2025\/01\/02134814\/Property-Logo-Main.svg\",\"contentUrl\":\"https:\/\/d2bw95mh2ee04s.cloudfront.net\/prod\/content\/wp-content\/uploads\/2025\/01\/02134814\/Property-Logo-Main.svg\",\"width\":184,\"height\":40,\"caption\":\"SELLERLOGIC\"},\"image\":{\"@id\":\"https:\/\/www.sellerlogic.com\/hu\/#\/schema\/logo\/image\/\"},\"sameAs\":[\"https:\/\/www.facebook.com\/SellerLogic\/\",\"https:\/\/x.com\/sellerlogic\",\"https:\/\/www.instagram.com\/sellerlogic\/\",\"https:\/\/www.linkedin.com\/company\/18402037\/\",\"https:\/\/www.youtube.com\/channel\/UC-gULUur-fNj08sprantKsQ\"]},{\"@type\":\"Person\",\"@id\":\"https:\/\/www.sellerlogic.com\/hu\/#\/schema\/person\/a05487915912c5ddeb279af2540bd467\",\"name\":\"Robin Bals\",\"image\":{\"@type\":\"ImageObject\",\"inLanguage\":\"hu-HU\",\"@id\":\"https:\/\/www.sellerlogic.com\/hu\/#\/schema\/person\/image\/\",\"url\":\"https:\/\/secure.gravatar.com\/avatar\/f66c2fa28ffffc1815e382c30ffecce09f361bdd90c781e97147182b2b1f62e6?s=96&d=mm&r=g\",\"contentUrl\":\"https:\/\/secure.gravatar.com\/avatar\/f66c2fa28ffffc1815e382c30ffecce09f361bdd90c781e97147182b2b1f62e6?s=96&d=mm&r=g\",\"caption\":\"Robin Bals\"},\"description\":\"Robin Bals has been a content author in the fields of Amazon, e-commerce, and tech for many years. Since 2019, he has been part of the SELLERLOGIC team and has made it his mission to communicate complex topics in an understandable and engaging way. With a feel for relevant trends and a clear writing style, he makes sophisticated content accessible to a broad audience.\",\"sameAs\":[\"https:\/\/www.linkedin.com\/in\/robin-bals-b4599b182\/\"],\"url\":\"https:\/\/www.sellerlogic.com\/hu\/blog\/author\/robinbals\/\"},{\"@type\":\"Question\",\"@id\":\"https:\/\/www.sellerlogic.com\/hu\/blog\/hatarokon-atnyulo-e-kereskedelem-az-amazonnal-hogyan-lehet-sikeres-a-nemzetkozi-ertekesitesben\/#faq-question-1744791131483\",\"position\":1,\"url\":\"https:\/\/www.sellerlogic.com\/hu\/blog\/hatarokon-atnyulo-e-kereskedelem-az-amazonnal-hogyan-lehet-sikeres-a-nemzetkozi-ertekesitesben\/#faq-question-1744791131483\",\"name\":\"Mit sz\u00fcks\u00e9ges tennem a nemzetk\u00f6zi \u00e9rt\u00e9kes\u00edt\u00e9shez az Amazonon?\",\"answerCount\":1,\"acceptedAnswer\":{\"@type\":\"Answer\",\"text\":\"A nemzetk\u00f6zi \u00e9rt\u00e9kes\u00edt\u00e9shez az Amazonon sz\u00fcks\u00e9ge van egy aktiv\u00e1lt elad\u00f3i fi\u00f3kra, egy vil\u00e1gos logisztikai strat\u00e9gi\u00e1ra, esetleg ad\u00f3regisztr\u00e1ci\u00f3kra a c\u00e9lorsz\u00e1gban, \u00e9s lokaliz\u00e1lt term\u00e9klist\u00e1kra. Az Amazon ilyen c\u00e9lokra olyan programokat k\u00edn\u00e1l, mint a Global Selling \u00e9s az FBA.\",\"inLanguage\":\"hu-HU\"},\"inLanguage\":\"hu-HU\"},{\"@type\":\"Question\",\"@id\":\"https:\/\/www.sellerlogic.com\/hu\/blog\/hatarokon-atnyulo-e-kereskedelem-az-amazonnal-hogyan-lehet-sikeres-a-nemzetkozi-ertekesitesben\/#faq-question-1744791156693\",\"position\":2,\"url\":\"https:\/\/www.sellerlogic.com\/hu\/blog\/hatarokon-atnyulo-e-kereskedelem-az-amazonnal-hogyan-lehet-sikeres-a-nemzetkozi-ertekesitesben\/#faq-question-1744791156693\",\"name\":\"Mely orsz\u00e1gokban \u00e9rt\u00e9kes\u00edthetek az Amazon Global Selling seg\u00edts\u00e9g\u00e9vel?\",\"answerCount\":1,\"acceptedAnswer\":{\"@type\":\"Answer\",\"text\":\"Az Amazon Global Selling seg\u00edts\u00e9g\u00e9vel t\u00f6bb mint 20 orsz\u00e1gban \u00e9rt\u00e9kes\u00edthet, bele\u00e9rtve az Egyes\u00fclt \u00c1llamokat, Kanad\u00e1t, az Egyes\u00fclt Kir\u00e1lys\u00e1got, N\u00e9metorsz\u00e1got, Franciaorsz\u00e1got, Spanyolorsz\u00e1got, Olaszorsz\u00e1got, Jap\u00e1nt \u00e9s Ausztr\u00e1li\u00e1t. A megfelel\u0151 piac kiv\u00e1laszt\u00e1sa a term\u00e9k\u00e9t\u0151l \u00e9s a c\u00e9lk\u00f6z\u00f6ns\u00e9gt\u0151l f\u00fcgg.\",\"inLanguage\":\"hu-HU\"},\"inLanguage\":\"hu-HU\"},{\"@type\":\"Question\",\"@id\":\"https:\/\/www.sellerlogic.com\/hu\/blog\/hatarokon-atnyulo-e-kereskedelem-az-amazonnal-hogyan-lehet-sikeres-a-nemzetkozi-ertekesitesben\/#faq-question-1744791179432\",\"position\":3,\"url\":\"https:\/\/www.sellerlogic.com\/hu\/blog\/hatarokon-atnyulo-e-kereskedelem-az-amazonnal-hogyan-lehet-sikeres-a-nemzetkozi-ertekesitesben\/#faq-question-1744791179432\",\"name\":\"Sz\u00fcks\u00e9ges regisztr\u00e1lnom az \u00c1FA-t k\u00fclf\u00f6ld\u00f6n?\",\"answerCount\":1,\"acceptedAnswer\":{\"@type\":\"Answer\",\"text\":\"Igen, sok esetben. Ha \u00e1rukat t\u00e1rol k\u00fclf\u00f6ld\u00f6n vagy meghaladja a sz\u00e1ll\u00edt\u00e1si k\u00fcsz\u00f6b\u00f6t, akkor az adott orsz\u00e1gban sz\u00fcks\u00e9ges az \u00c1FA-regisztr\u00e1ci\u00f3. Az EU-n bel\u00fcl az OSS elj\u00e1r\u00e1s k\u00f6zponti megold\u00e1s lehet \u2013 de nem az FBA k\u00fclf\u00f6ldi t\u00e1rol\u00e1s\u00e1ra.\",\"inLanguage\":\"hu-HU\"},\"inLanguage\":\"hu-HU\"},{\"@type\":\"Question\",\"@id\":\"https:\/\/www.sellerlogic.com\/hu\/blog\/hatarokon-atnyulo-e-kereskedelem-az-amazonnal-hogyan-lehet-sikeres-a-nemzetkozi-ertekesitesben\/#faq-question-1744791201276\",\"position\":4,\"url\":\"https:\/\/www.sellerlogic.com\/hu\/blog\/hatarokon-atnyulo-e-kereskedelem-az-amazonnal-hogyan-lehet-sikeres-a-nemzetkozi-ertekesitesben\/#faq-question-1744791201276\",\"name\":\"Hogyan m\u0171k\u00f6dik a k\u00fclf\u00f6ldi sz\u00e1ll\u00edt\u00e1s az Amazon FBA-val?\",\"answerCount\":1,\"acceptedAnswer\":{\"@type\":\"Answer\",\"text\":\"Az Amazon FBA-val a term\u00e9keit egy Amazon rakt\u00e1rba k\u00fcldi a c\u00e9lorsz\u00e1gban. Az Amazon ezut\u00e1n gondoskodik az eg\u00e9sz logisztik\u00e1r\u00f3l, bele\u00e9rtve a sz\u00e1ll\u00edt\u00e1st, a visszak\u00fcld\u00e9seket \u00e9s az \u00fcgyf\u00e9lszolg\u00e1latot. Ez jelent\u0151sen egyszer\u0171s\u00edti a bel\u00e9p\u00e9si folyamatot, de ad\u00f3- \u00e9s jogi el\u0151k\u00e9sz\u00fcleteket ig\u00e9nyel.\",\"inLanguage\":\"hu-HU\"},\"inLanguage\":\"hu-HU\"},{\"@type\":\"Question\",\"@id\":\"https:\/\/www.sellerlogic.com\/hu\/blog\/hatarokon-atnyulo-e-kereskedelem-az-amazonnal-hogyan-lehet-sikeres-a-nemzetkozi-ertekesitesben\/#faq-question-1744791224711\",\"position\":5,\"url\":\"https:\/\/www.sellerlogic.com\/hu\/blog\/hatarokon-atnyulo-e-kereskedelem-az-amazonnal-hogyan-lehet-sikeres-a-nemzetkozi-ertekesitesben\/#faq-question-1744791224711\",\"name\":\"Mennyire fontos a term\u00e9klist\u00e1k lokaliz\u00e1l\u00e1sa a nemzetk\u00f6zi Amazon piacokon?\",\"answerCount\":1,\"acceptedAnswer\":{\"@type\":\"Answer\",\"text\":\"Nagyon fontos. A professzion\u00e1lisan leford\u00edtott sz\u00f6vegek, az orsz\u00e1gra jellemz\u0151 fizet\u00e9si m\u00f3dok, a m\u00f3dos\u00edtott \u00e1rak \u00e9s a helyi \u00fcgyf\u00e9lszolg\u00e1lat kulcsfontoss\u00e1g\u00faak a k\u00fclf\u00f6ldi sikerhez. A lokaliz\u00e1l\u00e1s nemcsak a konverzi\u00f3s ar\u00e1nyt n\u00f6veli, hanem er\u0151s\u00edti a v\u00e1s\u00e1rl\u00f3i bizalmat is.\",\"inLanguage\":\"hu-HU\"},\"inLanguage\":\"hu-HU\"}]}<\/script>\n<!-- \/ Yoast SEO plugin. -->","yoast_head_json":{"title":"Nemzetk\u00f6zi \u00e9rt\u00e9kes\u00edt\u00e9s az Amazonon: A hat\u00e1rokon \u00e1tny\u00fal\u00f3 e-kereskedelem sikeres elsaj\u00e1t\u00edt\u00e1sa","description":"Hogyan lehet sikeresen \u00e9rt\u00e9kes\u00edteni az Amazonon vil\u00e1gszerte: V\u00e1mok, ad\u00f3k, sz\u00e1ll\u00edt\u00e1s \u00e9s jogi k\u00f6telezetts\u00e9gek a hat\u00e1rokon \u00e1tny\u00fal\u00f3 kereskedelemben egyszer\u0171en elmagyar\u00e1zva.","robots":{"index":"index","follow":"follow","max-snippet":"max-snippet:-1","max-image-preview":"max-image-preview:large","max-video-preview":"max-video-preview:-1"},"canonical":"https:\/\/www.sellerlogic.com\/hu\/blog\/hatarokon-atnyulo-e-kereskedelem-az-amazonnal-hogyan-lehet-sikeres-a-nemzetkozi-ertekesitesben\/","og_locale":"hu_HU","og_type":"article","og_title":"Nemzetk\u00f6zi \u00e9rt\u00e9kes\u00edt\u00e9s az Amazonon: A hat\u00e1rokon \u00e1tny\u00fal\u00f3 e-kereskedelem sikeres elsaj\u00e1t\u00edt\u00e1sa","og_description":"Hogyan lehet sikeresen \u00e9rt\u00e9kes\u00edteni az Amazonon vil\u00e1gszerte: V\u00e1mok, ad\u00f3k, sz\u00e1ll\u00edt\u00e1s \u00e9s jogi k\u00f6telezetts\u00e9gek a hat\u00e1rokon \u00e1tny\u00fal\u00f3 kereskedelemben egyszer\u0171en elmagyar\u00e1zva.","og_url":"https:\/\/www.sellerlogic.com\/hu\/blog\/hatarokon-atnyulo-e-kereskedelem-az-amazonnal-hogyan-lehet-sikeres-a-nemzetkozi-ertekesitesben\/","og_site_name":"SELLERLOGIC - Smarte Tools f\u00fcr Amazon-Seller","article_publisher":"https:\/\/www.facebook.com\/SellerLogic\/","article_published_time":"2020-05-14T15:22:00+00:00","og_image":[{"width":1680,"height":1200,"url":"https:\/\/d2bw95mh2ee04s.cloudfront.net\/prod\/content\/wp-content\/uploads\/2020\/05\/15150227\/international-verkaufen-auf-amazon.jpg","type":"image\/jpeg"}],"author":"Robin Bals","twitter_card":"summary_large_image","twitter_creator":"@sellerlogic","twitter_site":"@sellerlogic","twitter_misc":{"Written by":"Robin Bals","Est. reading time":"17 minutes"},"schema":{"@context":"https:\/\/schema.org","@graph":[{"@type":"Article","@id":"https:\/\/www.sellerlogic.com\/hu\/blog\/hatarokon-atnyulo-e-kereskedelem-az-amazonnal-hogyan-lehet-sikeres-a-nemzetkozi-ertekesitesben\/#article","isPartOf":{"@id":"https:\/\/www.sellerlogic.com\/hu\/blog\/hatarokon-atnyulo-e-kereskedelem-az-amazonnal-hogyan-lehet-sikeres-a-nemzetkozi-ertekesitesben\/"},"author":{"name":"Robin Bals","@id":"https:\/\/www.sellerlogic.com\/hu\/#\/schema\/person\/a05487915912c5ddeb279af2540bd467"},"headline":"Hat\u00e1rokon \u00c1tny\u00fal\u00f3 E-kereskedelem az Amazonnal: Hogyan lehet sikeres a nemzetk\u00f6zi \u00e9rt\u00e9kes\u00edt\u00e9sben","datePublished":"2020-05-14T15:22:00+00:00","mainEntityOfPage":{"@id":"https:\/\/www.sellerlogic.com\/hu\/blog\/hatarokon-atnyulo-e-kereskedelem-az-amazonnal-hogyan-lehet-sikeres-a-nemzetkozi-ertekesitesben\/"},"wordCount":5671,"publisher":{"@id":"https:\/\/www.sellerlogic.com\/hu\/#organization"},"image":{"@id":"https:\/\/www.sellerlogic.com\/hu\/blog\/hatarokon-atnyulo-e-kereskedelem-az-amazonnal-hogyan-lehet-sikeres-a-nemzetkozi-ertekesitesben\/#primaryimage"},"thumbnailUrl":"https:\/\/d2bw95mh2ee04s.cloudfront.net\/prod\/content\/wp-content\/uploads\/2020\/05\/15150227\/international-verkaufen-auf-amazon.jpg","articleSection":["Elad\u00e1s az Amazonon","Tippek \u00e9s Tr\u00fckk\u00f6k"],"inLanguage":"hu-HU"},{"@type":["WebPage","FAQPage"],"@id":"https:\/\/www.sellerlogic.com\/hu\/blog\/hatarokon-atnyulo-e-kereskedelem-az-amazonnal-hogyan-lehet-sikeres-a-nemzetkozi-ertekesitesben\/","url":"https:\/\/www.sellerlogic.com\/hu\/blog\/hatarokon-atnyulo-e-kereskedelem-az-amazonnal-hogyan-lehet-sikeres-a-nemzetkozi-ertekesitesben\/","name":"Nemzetk\u00f6zi \u00e9rt\u00e9kes\u00edt\u00e9s az Amazonon: A hat\u00e1rokon \u00e1tny\u00fal\u00f3 e-kereskedelem sikeres elsaj\u00e1t\u00edt\u00e1sa","isPartOf":{"@id":"https:\/\/www.sellerlogic.com\/hu\/#website"},"primaryImageOfPage":{"@id":"https:\/\/www.sellerlogic.com\/hu\/blog\/hatarokon-atnyulo-e-kereskedelem-az-amazonnal-hogyan-lehet-sikeres-a-nemzetkozi-ertekesitesben\/#primaryimage"},"image":{"@id":"https:\/\/www.sellerlogic.com\/hu\/blog\/hatarokon-atnyulo-e-kereskedelem-az-amazonnal-hogyan-lehet-sikeres-a-nemzetkozi-ertekesitesben\/#primaryimage"},"thumbnailUrl":"https:\/\/d2bw95mh2ee04s.cloudfront.net\/prod\/content\/wp-content\/uploads\/2020\/05\/15150227\/international-verkaufen-auf-amazon.jpg","datePublished":"2020-05-14T15:22:00+00:00","description":"Hogyan lehet sikeresen \u00e9rt\u00e9kes\u00edteni az Amazonon vil\u00e1gszerte: V\u00e1mok, ad\u00f3k, sz\u00e1ll\u00edt\u00e1s \u00e9s jogi k\u00f6telezetts\u00e9gek a hat\u00e1rokon \u00e1tny\u00fal\u00f3 kereskedelemben egyszer\u0171en elmagyar\u00e1zva.","breadcrumb":{"@id":"https:\/\/www.sellerlogic.com\/hu\/blog\/hatarokon-atnyulo-e-kereskedelem-az-amazonnal-hogyan-lehet-sikeres-a-nemzetkozi-ertekesitesben\/#breadcrumb"},"mainEntity":[{"@id":"https:\/\/www.sellerlogic.com\/hu\/blog\/hatarokon-atnyulo-e-kereskedelem-az-amazonnal-hogyan-lehet-sikeres-a-nemzetkozi-ertekesitesben\/#faq-question-1744791131483"},{"@id":"https:\/\/www.sellerlogic.com\/hu\/blog\/hatarokon-atnyulo-e-kereskedelem-az-amazonnal-hogyan-lehet-sikeres-a-nemzetkozi-ertekesitesben\/#faq-question-1744791156693"},{"@id":"https:\/\/www.sellerlogic.com\/hu\/blog\/hatarokon-atnyulo-e-kereskedelem-az-amazonnal-hogyan-lehet-sikeres-a-nemzetkozi-ertekesitesben\/#faq-question-1744791179432"},{"@id":"https:\/\/www.sellerlogic.com\/hu\/blog\/hatarokon-atnyulo-e-kereskedelem-az-amazonnal-hogyan-lehet-sikeres-a-nemzetkozi-ertekesitesben\/#faq-question-1744791201276"},{"@id":"https:\/\/www.sellerlogic.com\/hu\/blog\/hatarokon-atnyulo-e-kereskedelem-az-amazonnal-hogyan-lehet-sikeres-a-nemzetkozi-ertekesitesben\/#faq-question-1744791224711"}],"inLanguage":"hu-HU","potentialAction":[{"@type":"ReadAction","target":["https:\/\/www.sellerlogic.com\/hu\/blog\/hatarokon-atnyulo-e-kereskedelem-az-amazonnal-hogyan-lehet-sikeres-a-nemzetkozi-ertekesitesben\/"]}]},{"@type":"ImageObject","inLanguage":"hu-HU","@id":"https:\/\/www.sellerlogic.com\/hu\/blog\/hatarokon-atnyulo-e-kereskedelem-az-amazonnal-hogyan-lehet-sikeres-a-nemzetkozi-ertekesitesben\/#primaryimage","url":"https:\/\/d2bw95mh2ee04s.cloudfront.net\/prod\/content\/wp-content\/uploads\/2020\/05\/15150227\/international-verkaufen-auf-amazon.jpg","contentUrl":"https:\/\/d2bw95mh2ee04s.cloudfront.net\/prod\/content\/wp-content\/uploads\/2020\/05\/15150227\/international-verkaufen-auf-amazon.jpg","width":1680,"height":1200,"caption":"International verkaufen auf Amazon \u2013 Cross-Border E-Commerce f\u00fcr Einsteiger."},{"@type":"BreadcrumbList","@id":"https:\/\/www.sellerlogic.com\/hu\/blog\/hatarokon-atnyulo-e-kereskedelem-az-amazonnal-hogyan-lehet-sikeres-a-nemzetkozi-ertekesitesben\/#breadcrumb","itemListElement":[{"@type":"ListItem","position":1,"name":"Home","item":"https:\/\/www.sellerlogic.com\/hu\/"},{"@type":"ListItem","position":2,"name":"Elad\u00e1s az Amazonon","item":"https:\/\/www.sellerlogic.com\/hu\/blog\/category\/eladas-az-amazonon\/"},{"@type":"ListItem","position":3,"name":"Hat\u00e1rokon \u00c1tny\u00fal\u00f3 E-kereskedelem az Amazonnal: Hogyan lehet sikeres a nemzetk\u00f6zi \u00e9rt\u00e9kes\u00edt\u00e9sben"}]},{"@type":"WebSite","@id":"https:\/\/www.sellerlogic.com\/hu\/#website","url":"https:\/\/www.sellerlogic.com\/hu\/","name":"SELLERLOGIC - Smarte Tools f\u00fcr Amazon-Seller","description":"Intelligente Prozessoptimierung und Gewinnmaximierung","publisher":{"@id":"https:\/\/www.sellerlogic.com\/hu\/#organization"},"potentialAction":[{"@type":"SearchAction","target":{"@type":"EntryPoint","urlTemplate":"https:\/\/www.sellerlogic.com\/hu\/?s={search_term_string}"},"query-input":{"@type":"PropertyValueSpecification","valueRequired":true,"valueName":"search_term_string"}}],"inLanguage":"hu-HU"},{"@type":"Organization","@id":"https:\/\/www.sellerlogic.com\/hu\/#organization","name":"SELLERLOGIC","url":"https:\/\/www.sellerlogic.com\/hu\/","logo":{"@type":"ImageObject","inLanguage":"hu-HU","@id":"https:\/\/www.sellerlogic.com\/hu\/#\/schema\/logo\/image\/","url":"https:\/\/d2bw95mh2ee04s.cloudfront.net\/prod\/content\/wp-content\/uploads\/2025\/01\/02134814\/Property-Logo-Main.svg","contentUrl":"https:\/\/d2bw95mh2ee04s.cloudfront.net\/prod\/content\/wp-content\/uploads\/2025\/01\/02134814\/Property-Logo-Main.svg","width":184,"height":40,"caption":"SELLERLOGIC"},"image":{"@id":"https:\/\/www.sellerlogic.com\/hu\/#\/schema\/logo\/image\/"},"sameAs":["https:\/\/www.facebook.com\/SellerLogic\/","https:\/\/x.com\/sellerlogic","https:\/\/www.instagram.com\/sellerlogic\/","https:\/\/www.linkedin.com\/company\/18402037\/","https:\/\/www.youtube.com\/channel\/UC-gULUur-fNj08sprantKsQ"]},{"@type":"Person","@id":"https:\/\/www.sellerlogic.com\/hu\/#\/schema\/person\/a05487915912c5ddeb279af2540bd467","name":"Robin Bals","image":{"@type":"ImageObject","inLanguage":"hu-HU","@id":"https:\/\/www.sellerlogic.com\/hu\/#\/schema\/person\/image\/","url":"https:\/\/secure.gravatar.com\/avatar\/f66c2fa28ffffc1815e382c30ffecce09f361bdd90c781e97147182b2b1f62e6?s=96&d=mm&r=g","contentUrl":"https:\/\/secure.gravatar.com\/avatar\/f66c2fa28ffffc1815e382c30ffecce09f361bdd90c781e97147182b2b1f62e6?s=96&d=mm&r=g","caption":"Robin Bals"},"description":"Robin Bals has been a content author in the fields of Amazon, e-commerce, and tech for many years. Since 2019, he has been part of the SELLERLOGIC team and has made it his mission to communicate complex topics in an understandable and engaging way. With a feel for relevant trends and a clear writing style, he makes sophisticated content accessible to a broad audience.","sameAs":["https:\/\/www.linkedin.com\/in\/robin-bals-b4599b182\/"],"url":"https:\/\/www.sellerlogic.com\/hu\/blog\/author\/robinbals\/"},{"@type":"Question","@id":"https:\/\/www.sellerlogic.com\/hu\/blog\/hatarokon-atnyulo-e-kereskedelem-az-amazonnal-hogyan-lehet-sikeres-a-nemzetkozi-ertekesitesben\/#faq-question-1744791131483","position":1,"url":"https:\/\/www.sellerlogic.com\/hu\/blog\/hatarokon-atnyulo-e-kereskedelem-az-amazonnal-hogyan-lehet-sikeres-a-nemzetkozi-ertekesitesben\/#faq-question-1744791131483","name":"Mit sz\u00fcks\u00e9ges tennem a nemzetk\u00f6zi \u00e9rt\u00e9kes\u00edt\u00e9shez az Amazonon?","answerCount":1,"acceptedAnswer":{"@type":"Answer","text":"A nemzetk\u00f6zi \u00e9rt\u00e9kes\u00edt\u00e9shez az Amazonon sz\u00fcks\u00e9ge van egy aktiv\u00e1lt elad\u00f3i fi\u00f3kra, egy vil\u00e1gos logisztikai strat\u00e9gi\u00e1ra, esetleg ad\u00f3regisztr\u00e1ci\u00f3kra a c\u00e9lorsz\u00e1gban, \u00e9s lokaliz\u00e1lt term\u00e9klist\u00e1kra. Az Amazon ilyen c\u00e9lokra olyan programokat k\u00edn\u00e1l, mint a Global Selling \u00e9s az FBA.","inLanguage":"hu-HU"},"inLanguage":"hu-HU"},{"@type":"Question","@id":"https:\/\/www.sellerlogic.com\/hu\/blog\/hatarokon-atnyulo-e-kereskedelem-az-amazonnal-hogyan-lehet-sikeres-a-nemzetkozi-ertekesitesben\/#faq-question-1744791156693","position":2,"url":"https:\/\/www.sellerlogic.com\/hu\/blog\/hatarokon-atnyulo-e-kereskedelem-az-amazonnal-hogyan-lehet-sikeres-a-nemzetkozi-ertekesitesben\/#faq-question-1744791156693","name":"Mely orsz\u00e1gokban \u00e9rt\u00e9kes\u00edthetek az Amazon Global Selling seg\u00edts\u00e9g\u00e9vel?","answerCount":1,"acceptedAnswer":{"@type":"Answer","text":"Az Amazon Global Selling seg\u00edts\u00e9g\u00e9vel t\u00f6bb mint 20 orsz\u00e1gban \u00e9rt\u00e9kes\u00edthet, bele\u00e9rtve az Egyes\u00fclt \u00c1llamokat, Kanad\u00e1t, az Egyes\u00fclt Kir\u00e1lys\u00e1got, N\u00e9metorsz\u00e1got, Franciaorsz\u00e1got, Spanyolorsz\u00e1got, Olaszorsz\u00e1got, Jap\u00e1nt \u00e9s Ausztr\u00e1li\u00e1t. A megfelel\u0151 piac kiv\u00e1laszt\u00e1sa a term\u00e9k\u00e9t\u0151l \u00e9s a c\u00e9lk\u00f6z\u00f6ns\u00e9gt\u0151l f\u00fcgg.","inLanguage":"hu-HU"},"inLanguage":"hu-HU"},{"@type":"Question","@id":"https:\/\/www.sellerlogic.com\/hu\/blog\/hatarokon-atnyulo-e-kereskedelem-az-amazonnal-hogyan-lehet-sikeres-a-nemzetkozi-ertekesitesben\/#faq-question-1744791179432","position":3,"url":"https:\/\/www.sellerlogic.com\/hu\/blog\/hatarokon-atnyulo-e-kereskedelem-az-amazonnal-hogyan-lehet-sikeres-a-nemzetkozi-ertekesitesben\/#faq-question-1744791179432","name":"Sz\u00fcks\u00e9ges regisztr\u00e1lnom az \u00c1FA-t k\u00fclf\u00f6ld\u00f6n?","answerCount":1,"acceptedAnswer":{"@type":"Answer","text":"Igen, sok esetben. Ha \u00e1rukat t\u00e1rol k\u00fclf\u00f6ld\u00f6n vagy meghaladja a sz\u00e1ll\u00edt\u00e1si k\u00fcsz\u00f6b\u00f6t, akkor az adott orsz\u00e1gban sz\u00fcks\u00e9ges az \u00c1FA-regisztr\u00e1ci\u00f3. Az EU-n bel\u00fcl az OSS elj\u00e1r\u00e1s k\u00f6zponti megold\u00e1s lehet \u2013 de nem az FBA k\u00fclf\u00f6ldi t\u00e1rol\u00e1s\u00e1ra.","inLanguage":"hu-HU"},"inLanguage":"hu-HU"},{"@type":"Question","@id":"https:\/\/www.sellerlogic.com\/hu\/blog\/hatarokon-atnyulo-e-kereskedelem-az-amazonnal-hogyan-lehet-sikeres-a-nemzetkozi-ertekesitesben\/#faq-question-1744791201276","position":4,"url":"https:\/\/www.sellerlogic.com\/hu\/blog\/hatarokon-atnyulo-e-kereskedelem-az-amazonnal-hogyan-lehet-sikeres-a-nemzetkozi-ertekesitesben\/#faq-question-1744791201276","name":"Hogyan m\u0171k\u00f6dik a k\u00fclf\u00f6ldi sz\u00e1ll\u00edt\u00e1s az Amazon FBA-val?","answerCount":1,"acceptedAnswer":{"@type":"Answer","text":"Az Amazon FBA-val a term\u00e9keit egy Amazon rakt\u00e1rba k\u00fcldi a c\u00e9lorsz\u00e1gban. Az Amazon ezut\u00e1n gondoskodik az eg\u00e9sz logisztik\u00e1r\u00f3l, bele\u00e9rtve a sz\u00e1ll\u00edt\u00e1st, a visszak\u00fcld\u00e9seket \u00e9s az \u00fcgyf\u00e9lszolg\u00e1latot. Ez jelent\u0151sen egyszer\u0171s\u00edti a bel\u00e9p\u00e9si folyamatot, de ad\u00f3- \u00e9s jogi el\u0151k\u00e9sz\u00fcleteket ig\u00e9nyel.","inLanguage":"hu-HU"},"inLanguage":"hu-HU"},{"@type":"Question","@id":"https:\/\/www.sellerlogic.com\/hu\/blog\/hatarokon-atnyulo-e-kereskedelem-az-amazonnal-hogyan-lehet-sikeres-a-nemzetkozi-ertekesitesben\/#faq-question-1744791224711","position":5,"url":"https:\/\/www.sellerlogic.com\/hu\/blog\/hatarokon-atnyulo-e-kereskedelem-az-amazonnal-hogyan-lehet-sikeres-a-nemzetkozi-ertekesitesben\/#faq-question-1744791224711","name":"Mennyire fontos a term\u00e9klist\u00e1k lokaliz\u00e1l\u00e1sa a nemzetk\u00f6zi Amazon piacokon?","answerCount":1,"acceptedAnswer":{"@type":"Answer","text":"Nagyon fontos. A professzion\u00e1lisan leford\u00edtott sz\u00f6vegek, az orsz\u00e1gra jellemz\u0151 fizet\u00e9si m\u00f3dok, a m\u00f3dos\u00edtott \u00e1rak \u00e9s a helyi \u00fcgyf\u00e9lszolg\u00e1lat kulcsfontoss\u00e1g\u00faak a k\u00fclf\u00f6ldi sikerhez. A lokaliz\u00e1l\u00e1s nemcsak a konverzi\u00f3s ar\u00e1nyt n\u00f6veli, hanem er\u0151s\u00edti a v\u00e1s\u00e1rl\u00f3i bizalmat is.","inLanguage":"hu-HU"},"inLanguage":"hu-HU"}]}},"_links":{"self":[{"href":"https:\/\/www.sellerlogic.com\/hu\/wp-json\/wp\/v2\/posts\/224994","targetHints":{"allow":["GET"]}}],"collection":[{"href":"https:\/\/www.sellerlogic.com\/hu\/wp-json\/wp\/v2\/posts"}],"about":[{"href":"https:\/\/www.sellerlogic.com\/hu\/wp-json\/wp\/v2\/types\/post"}],"author":[{"embeddable":true,"href":"https:\/\/www.sellerlogic.com\/hu\/wp-json\/wp\/v2\/users\/3"}],"replies":[{"embeddable":true,"href":"https:\/\/www.sellerlogic.com\/hu\/wp-json\/wp\/v2\/comments?post=224994"}],"version-history":[{"count":0,"href":"https:\/\/www.sellerlogic.com\/hu\/wp-json\/wp\/v2\/posts\/224994\/revisions"}],"wp:featuredmedia":[{"embeddable":true,"href":"https:\/\/www.sellerlogic.com\/hu\/wp-json\/wp\/v2\/media\/83728"}],"wp:attachment":[{"href":"https:\/\/www.sellerlogic.com\/hu\/wp-json\/wp\/v2\/media?parent=224994"}],"wp:term":[{"taxonomy":"category","embeddable":true,"href":"https:\/\/www.sellerlogic.com\/hu\/wp-json\/wp\/v2\/categories?post=224994"},{"taxonomy":"post_tag","embeddable":true,"href":"https:\/\/www.sellerlogic.com\/hu\/wp-json\/wp\/v2\/tags?post=224994"}],"curies":[{"name":"wp","href":"https:\/\/api.w.org\/{rel}","templated":true}]}}